{"id":592,"date":"2018-01-02T19:40:11","date_gmt":"2018-01-02T18:40:11","guid":{"rendered":"http:\/\/www.ecrins-photo.fr\/blog\/?p=592"},"modified":"2020-02-09T12:36:39","modified_gmt":"2020-02-09T11:36:39","slug":"bonne-annee-2018","status":"publish","type":"post","link":"http:\/\/www.ecrins-photo.fr\/blog\/bonne-annee-2018\/","title":{"rendered":"Bonne ann\u00e9e 2018"},"content":{"rendered":"<div data-contents=\"true\">\n<div class=\"\" data-block=\"true\" data-editor=\"8a77r\" data-offset-key=\"3200e-0-0\">\n<div class=\"_1mf _1mj\" data-offset-key=\"3200e-0-0\"><span data-offset-key=\"3200e-0-0\">Fini les belles lumi\u00e8res de 2017, bienvenue \u00e0 celle de 2018.<\/span><\/div>\n<\/div>\n<div class=\"\" data-block=\"true\" data-editor=\"8a77r\" data-offset-key=\"7rr98-0-0\">\n<div class=\"_1mf _1mj\" data-offset-key=\"7rr98-0-0\"><span data-offset-key=\"7rr98-0-0\">&nbsp;<\/span><\/div>\n<\/div>\n<div class=\"\" data-block=\"true\" data-editor=\"8a77r\" data-offset-key=\"dcnna-0-0\">\n<div class=\"_1mf _1mj\" data-offset-key=\"dcnna-0-0\"><span style=\"font-size: 18pt;\" data-offset-key=\"dcnna-0-0\">Meilleurs Voeux<\/span><\/div>\n<\/div>\n<div data-offset-key=\"dcnna-0-0\"><\/div>\n<div data-offset-key=\"dcnna-0-0\"><a href=\"http:\/\/www.ecrins-photo.fr\/blog\/wp-content\/uploads\/2018\/01\/voeux2018.jpg\" rel=\"lightbox[592]\"><img loading=\"lazy\" class=\"aligncenter size-full wp-image-593\" src=\"http:\/\/www.ecrins-photo.fr\/blog\/wp-content\/uploads\/2018\/01\/voeux2018.jpg\" alt=\"meilleurs-voeux-2018\" width=\"1242\" height=\"875\" srcset=\"http:\/\/www.ecrins-photo.fr\/blog\/wp-content\/uploads\/2018\/01\/voeux2018.jpg 1242w, http:\/\/www.ecrins-photo.fr\/blog\/wp-content\/uploads\/2018\/01\/voeux2018-700x493.jpg 700w, http:\/\/www.ecrins-photo.fr\/blog\/wp-content\/uploads\/2018\/01\/voeux2018-950x669.jpg 950w\" sizes=\"(max-width: 1242px) 100vw, 1242px\" \/><\/a><\/div>\n<\/div>\n","protected":false},"excerpt":{"rendered":"<p>Fini les belles lumi\u00e8res de 2017, bienvenue \u00e0 celle de 2018. &nbsp; Meilleurs Voeux<\/p>\n","protected":false},"author":1,"featured_media":593,"comment_status":"open","ping_status":"open","sticky":false,"template":"","format":"standard","meta":{"_exactmetrics_skip_tracking":false,"_exactmetrics_sitenote_active":false,"_exactmetrics_sitenote_note":"","_exactmetrics_sitenote_category":0},"categories":[38],"tags":[],"yoast_head":"<!-- This site is optimized with the Yoast SEO plugin v17.9 - https:\/\/yoast.com\/wordpress\/plugins\/seo\/ -->\n<meta name=\"robots\" content=\"index, follow, max-snippet:-1, max-image-preview:large, max-video-preview:-1\" \/>\n<link rel=\"canonical\" href=\"https:\/\/www.ecrins-photo.fr\/blog\/bonne-annee-2018\/\" \/>\n<meta property=\"og:locale\" content=\"fr_FR\" \/>\n<meta property=\"og:type\" content=\"article\" \/>\n<meta property=\"og:title\" content=\"Bonne ann\u00e9e 2018 - L&#039;Ecrins Photo, le blog\" \/>\n<meta property=\"og:description\" content=\"Fini les belles lumi\u00e8res de 2017, bienvenue \u00e0 celle de 2018. &nbsp; Meilleurs Voeux\" \/>\n<meta property=\"og:url\" content=\"https:\/\/www.ecrins-photo.fr\/blog\/bonne-annee-2018\/\" \/>\n<meta property=\"og:site_name\" content=\"L&#039;Ecrins Photo, le blog\" \/>\n<meta property=\"article:publisher\" content=\"https:\/\/www.facebook.com\/LEcrins-Photo-photographie-362218033868644\/\" \/>\n<meta property=\"article:published_time\" content=\"2018-01-02T18:40:11+00:00\" \/>\n<meta property=\"article:modified_time\" content=\"2020-02-09T11:36:39+00:00\" \/>\n<meta property=\"og:image\" content=\"https:\/\/www.ecrins-photo.fr\/blog\/wp-content\/uploads\/2018\/01\/voeux2018.jpg\" \/>\n\t<meta property=\"og:image:width\" content=\"1242\" \/>\n\t<meta property=\"og:image:height\" content=\"875\" \/>\n\t<meta property=\"og:image:type\" content=\"image\/jpeg\" \/>\n<meta name=\"twitter:card\" content=\"summary\" \/>\n<meta name=\"twitter:label1\" content=\"\u00c9crit par\" \/>\n\t<meta name=\"twitter:data1\" content=\"Julien\" \/>\n<script type=\"application\/ld+json\" class=\"yoast-schema-graph\">{\n\t    \"@context\": \"https:\/\/schema.org\",\n\t    \"@graph\": [\n\t        {\n\t            \"@type\": \"WebSite\",\n\t            \"@id\": \"http:\/\/www.ecrins-photo.fr\/blog\/#website\",\n\t            \"url\": \"http:\/\/www.ecrins-photo.fr\/blog\/\",\n\t            \"name\": \"L&#039;Ecrins Photo, le blog\",\n\t            \"description\": \"Le blog de L&#039;Ecrins-Photo\",\n\t            \"potentialAction\": [\n\t                {\n\t                    \"@type\": \"SearchAction\",\n\t                    \"target\": {\n\t                        \"@type\": \"EntryPoint\",\n\t                        \"urlTemplate\": \"http:\/\/www.ecrins-photo.fr\/blog\/?s={search_term_string}\"\n\t                    },\n\t                    \"query-input\": \"required name=search_term_string\"\n\t                }\n\t            ],\n\t            \"inLanguage\": \"fr-FR\"\n\t        },\n\t        {\n\t            \"@type\": \"ImageObject\",\n\t            \"@id\": \"https:\/\/www.ecrins-photo.fr\/blog\/bonne-annee-2018\/#primaryimage\",\n\t            \"inLanguage\": \"fr-FR\",\n\t            \"url\": \"http:\/\/www.ecrins-photo.fr\/blog\/wp-content\/uploads\/2018\/01\/voeux2018.jpg\",\n\t            \"contentUrl\": \"http:\/\/www.ecrins-photo.fr\/blog\/wp-content\/uploads\/2018\/01\/voeux2018.jpg\",\n\t            \"width\": 1242,\n\t            \"height\": 875,\n\t            \"caption\": \"meilleurs-voeux-2018\"\n\t        },\n\t        {\n\t            \"@type\": \"WebPage\",\n\t            \"@id\": \"https:\/\/www.ecrins-photo.fr\/blog\/bonne-annee-2018\/#webpage\",\n\t            \"url\": \"https:\/\/www.ecrins-photo.fr\/blog\/bonne-annee-2018\/\",\n\t            \"name\": \"Bonne ann\\u00e9e 2018 - L&#039;Ecrins Photo, le blog\",\n\t            \"isPartOf\": {\n\t                \"@id\": \"http:\/\/www.ecrins-photo.fr\/blog\/#website\"\n\t            },\n\t            \"primaryImageOfPage\": {\n\t                \"@id\": \"https:\/\/www.ecrins-photo.fr\/blog\/bonne-annee-2018\/#primaryimage\"\n\t            },\n\t            \"datePublished\": \"2018-01-02T18:40:11+00:00\",\n\t            \"dateModified\": \"2020-02-09T11:36:39+00:00\",\n\t            \"author\": {\n\t                \"@id\": \"http:\/\/www.ecrins-photo.fr\/blog\/#\/schema\/person\/2bbc81449f5b460c3aef06fdb4ee5dff\"\n\t            },\n\t            \"breadcrumb\": {\n\t                \"@id\": \"https:\/\/www.ecrins-photo.fr\/blog\/bonne-annee-2018\/#breadcrumb\"\n\t            },\n\t            \"inLanguage\": \"fr-FR\",\n\t            \"potentialAction\": [\n\t                {\n\t                    \"@type\": \"ReadAction\",\n\t                    \"target\": [\n\t                        \"https:\/\/www.ecrins-photo.fr\/blog\/bonne-annee-2018\/\"\n\t                    ]\n\t                }\n\t            ]\n\t        },\n\t        {\n\t            \"@type\": \"BreadcrumbList\",\n\t            \"@id\": \"https:\/\/www.ecrins-photo.fr\/blog\/bonne-annee-2018\/#breadcrumb\",\n\t            \"itemListElement\": [\n\t                {\n\t                    \"@type\": \"ListItem\",\n\t                    \"position\": 1,\n\t                    \"name\": \"Accueil\",\n\t                    \"item\": \"http:\/\/www.ecrins-photo.fr\/blog\/\"\n\t                },\n\t                {\n\t                    \"@type\": \"ListItem\",\n\t                    \"position\": 2,\n\t                    \"name\": \"Bonne ann\\u00e9e 2018\"\n\t                }\n\t            ]\n\t        },\n\t        {\n\t            \"@type\": \"Person\",\n\t            \"@id\": \"http:\/\/www.ecrins-photo.fr\/blog\/#\/schema\/person\/2bbc81449f5b460c3aef06fdb4ee5dff\",\n\t            \"name\": \"Julien\",\n\t            \"image\": {\n\t                \"@type\": \"ImageObject\",\n\t                \"@id\": \"http:\/\/www.ecrins-photo.fr\/blog\/#personlogo\",\n\t                \"inLanguage\": \"fr-FR\",\n\t                \"url\": \"http:\/\/2.gravatar.com\/avatar\/bf0a415254a3097ff0def61e186455b3?s=96&d=mm&r=g\",\n\t                \"contentUrl\": \"http:\/\/2.gravatar.com\/avatar\/bf0a415254a3097ff0def61e186455b3?s=96&d=mm&r=g\",\n\t                \"caption\": \"Julien\"\n\t            },\n\t            \"sameAs\": [\n\t                \"http:\/\/www.ecrins-photo.fr\/\"\n\t            ]\n\t        }\n\t    ]\n\t}<\/script>\n<!-- \/ Yoast SEO plugin. -->","yoast_head_json":{"robots":{"index":"index","follow":"follow","max-snippet":"max-snippet:-1","max-image-preview":"max-image-preview:large","max-video-preview":"max-video-preview:-1"},"canonical":"https:\/\/www.ecrins-photo.fr\/blog\/bonne-annee-2018\/","og_locale":"fr_FR","og_type":"article","og_title":"Bonne ann\u00e9e 2018 - L&#039;Ecrins Photo, le blog","og_description":"Fini les belles lumi\u00e8res de 2017, bienvenue \u00e0 celle de 2018. &nbsp; Meilleurs Voeux","og_url":"https:\/\/www.ecrins-photo.fr\/blog\/bonne-annee-2018\/","og_site_name":"L&#039;Ecrins Photo, le blog","article_publisher":"https:\/\/www.facebook.com\/LEcrins-Photo-photographie-362218033868644\/","article_published_time":"2018-01-02T18:40:11+00:00","article_modified_time":"2020-02-09T11:36:39+00:00","og_image":[{"width":1242,"height":875,"url":"https:\/\/www.ecrins-photo.fr\/blog\/wp-content\/uploads\/2018\/01\/voeux2018.jpg","type":"image\/jpeg"}],"twitter_card":"summary","twitter_misc":{"\u00c9crit par":"Julien"},"schema":{"@context":"https:\/\/schema.org","@graph":[{"@type":"WebSite","@id":"http:\/\/www.ecrins-photo.fr\/blog\/#website","url":"http:\/\/www.ecrins-photo.fr\/blog\/","name":"L&#039;Ecrins Photo, le blog","description":"Le blog de L&#039;Ecrins-Photo","potentialAction":[{"@type":"SearchAction","target":{"@type":"EntryPoint","urlTemplate":"http:\/\/www.ecrins-photo.fr\/blog\/?s={search_term_string}"},"query-input":"required name=search_term_string"}],"inLanguage":"fr-FR"},{"@type":"ImageObject","@id":"https:\/\/www.ecrins-photo.fr\/blog\/bonne-annee-2018\/#primaryimage","inLanguage":"fr-FR","url":"http:\/\/www.ecrins-photo.fr\/blog\/wp-content\/uploads\/2018\/01\/voeux2018.jpg","contentUrl":"http:\/\/www.ecrins-photo.fr\/blog\/wp-content\/uploads\/2018\/01\/voeux2018.jpg","width":1242,"height":875,"caption":"meilleurs-voeux-2018"},{"@type":"WebPage","@id":"https:\/\/www.ecrins-photo.fr\/blog\/bonne-annee-2018\/#webpage","url":"https:\/\/www.ecrins-photo.fr\/blog\/bonne-annee-2018\/","name":"Bonne ann\u00e9e 2018 - L&#039;Ecrins Photo, le blog","isPartOf":{"@id":"http:\/\/www.ecrins-photo.fr\/blog\/#website"},"primaryImageOfPage":{"@id":"https:\/\/www.ecrins-photo.fr\/blog\/bonne-annee-2018\/#primaryimage"},"datePublished":"2018-01-02T18:40:11+00:00","dateModified":"2020-02-09T11:36:39+00:00","author":{"@id":"http:\/\/www.ecrins-photo.fr\/blog\/#\/schema\/person\/2bbc81449f5b460c3aef06fdb4ee5dff"},"breadcrumb":{"@id":"https:\/\/www.ecrins-photo.fr\/blog\/bonne-annee-2018\/#breadcrumb"},"inLanguage":"fr-FR","potentialAction":[{"@type":"ReadAction","target":["https:\/\/www.ecrins-photo.fr\/blog\/bonne-annee-2018\/"]}]},{"@type":"BreadcrumbList","@id":"https:\/\/www.ecrins-photo.fr\/blog\/bonne-annee-2018\/#breadcrumb","itemListElement":[{"@type":"ListItem","position":1,"name":"Accueil","item":"http:\/\/www.ecrins-photo.fr\/blog\/"},{"@type":"ListItem","position":2,"name":"Bonne ann\u00e9e 2018"}]},{"@type":"Person","@id":"http:\/\/www.ecrins-photo.fr\/blog\/#\/schema\/person\/2bbc81449f5b460c3aef06fdb4ee5dff","name":"Julien","image":{"@type":"ImageObject","@id":"http:\/\/www.ecrins-photo.fr\/blog\/#personlogo","inLanguage":"fr-FR","url":"http:\/\/2.gravatar.com\/avatar\/bf0a415254a3097ff0def61e186455b3?s=96&d=mm&r=g","contentUrl":"http:\/\/2.gravatar.com\/avatar\/bf0a415254a3097ff0def61e186455b3?s=96&d=mm&r=g","caption":"Julien"},"sameAs":["http:\/\/www.ecrins-photo.fr\/"]}]}},"_links":{"self":[{"href":"http:\/\/www.ecrins-photo.fr\/blog\/wp-json\/wp\/v2\/posts\/592"}],"collection":[{"href":"http:\/\/www.ecrins-photo.fr\/blog\/wp-json\/wp\/v2\/posts"}],"about":[{"href":"http:\/\/www.ecrins-photo.fr\/blog\/wp-json\/wp\/v2\/types\/post"}],"author":[{"embeddable":true,"href":"http:\/\/www.ecrins-photo.fr\/blog\/wp-json\/wp\/v2\/users\/1"}],"replies":[{"embeddable":true,"href":"http:\/\/www.ecrins-photo.fr\/blog\/wp-json\/wp\/v2\/comments?post=592"}],"version-history":[{"count":3,"href":"http:\/\/www.ecrins-photo.fr\/blog\/wp-json\/wp\/v2\/posts\/592\/revisions"}],"predecessor-version":[{"id":645,"href":"http:\/\/www.ecrins-photo.fr\/blog\/wp-json\/wp\/v2\/posts\/592\/revisions\/645"}],"wp:featuredmedia":[{"embeddable":true,"href":"http:\/\/www.ecrins-photo.fr\/blog\/wp-json\/wp\/v2\/media\/593"}],"wp:attachment":[{"href":"http:\/\/www.ecrins-photo.fr\/blog\/wp-json\/wp\/v2\/media?parent=592"}],"wp:term":[{"taxonomy":"category","embeddable":true,"href":"http:\/\/www.ecrins-photo.fr\/blog\/wp-json\/wp\/v2\/categories?post=592"},{"taxonomy":"post_tag","embeddable":true,"href":"http:\/\/www.ecrins-photo.fr\/blog\/wp-json\/wp\/v2\/tags?post=592"}],"curies":[{"name":"wp","href":"https:\/\/api.w.org\/{rel}","templated":true}]}}