{"id":580,"date":"2017-12-19T20:11:41","date_gmt":"2017-12-19T19:11:41","guid":{"rendered":"http:\/\/www.ecrins-photo.fr\/blog\/?p=580"},"modified":"2020-02-15T21:40:32","modified_gmt":"2020-02-15T20:40:32","slug":"crepuscule-fort-saint-eynard","status":"publish","type":"post","link":"http:\/\/www.ecrins-photo.fr\/blog\/crepuscule-fort-saint-eynard\/","title":{"rendered":"Cr\u00e9puscule au fort du Saint-Eynard"},"content":{"rendered":"<div id=\"js_38\" class=\"_5pbx userContent _3576\" data-ft=\"{&quot;tn&quot;:&quot;K&quot;}\">\n<p>Petite photo de cet \u00e9t\u00e9, sur les hauteurs de Grenoble, au fort du Saint Eynard, l\u2019obscurit\u00e9 \u00e0 d\u00e9j\u00e0 gagn\u00e9 la ville tandis que les derni\u00e8res lumi\u00e8res chatouille le fort sur les hauteurs de Chartreuses.<\/p>\n<p><a href=\"http:\/\/www.ecrins-photo.fr\/blog\/wp-content\/uploads\/2017\/12\/saint-eynard.jpg\" rel=\"lightbox[580]\"><img loading=\"lazy\" class=\"aligncenter size-full wp-image-581\" src=\"http:\/\/www.ecrins-photo.fr\/blog\/wp-content\/uploads\/2017\/12\/saint-eynard.jpg\" alt=\"cr\u00e9puscule au Saint Eynard\" width=\"1500\" height=\"546\" srcset=\"http:\/\/www.ecrins-photo.fr\/blog\/wp-content\/uploads\/2017\/12\/saint-eynard.jpg 1500w, http:\/\/www.ecrins-photo.fr\/blog\/wp-content\/uploads\/2017\/12\/saint-eynard-700x255.jpg 700w, http:\/\/www.ecrins-photo.fr\/blog\/wp-content\/uploads\/2017\/12\/saint-eynard-950x346.jpg 950w\" sizes=\"(max-width: 1500px) 100vw, 1500px\" \/><\/a><\/p>\n<p>&nbsp;<\/p>\n<\/div>\n","protected":false},"excerpt":{"rendered":"<p>Petite photo de cet \u00e9t\u00e9, sur les hauteurs de Grenoble, au fort du Saint Eynard, l\u2019obscurit\u00e9 \u00e0 d\u00e9j\u00e0 gagn\u00e9 la ville tandis que les derni\u00e8res lumi\u00e8res chatouille le fort sur les hauteurs de Chartreuses. &nbsp;<\/p>\n","protected":false},"author":1,"featured_media":581,"comment_status":"open","ping_status":"open","sticky":false,"template":"","format":"standard","meta":{"_exactmetrics_skip_tracking":false,"_exactmetrics_sitenote_active":false,"_exactmetrics_sitenote_note":"","_exactmetrics_sitenote_category":0},"categories":[130],"tags":[24,140,139,141,9],"yoast_head":"<!-- This site is optimized with the Yoast SEO plugin v17.9 - https:\/\/yoast.com\/wordpress\/plugins\/seo\/ -->\n<meta name=\"robots\" content=\"index, follow, max-snippet:-1, max-image-preview:large, max-video-preview:-1\" \/>\n<link rel=\"canonical\" href=\"https:\/\/www.ecrins-photo.fr\/blog\/crepuscule-fort-saint-eynard\/\" \/>\n<meta property=\"og:locale\" content=\"fr_FR\" \/>\n<meta property=\"og:type\" content=\"article\" \/>\n<meta property=\"og:title\" content=\"Cr\u00e9puscule au fort du Saint-Eynard - L&#039;Ecrins Photo, le blog\" \/>\n<meta property=\"og:description\" content=\"Petite photo de cet \u00e9t\u00e9, sur les hauteurs de Grenoble, au fort du Saint Eynard, l\u2019obscurit\u00e9 \u00e0 d\u00e9j\u00e0 gagn\u00e9 la ville tandis que les derni\u00e8res lumi\u00e8res chatouille le fort sur les hauteurs de Chartreuses. &nbsp;\" \/>\n<meta property=\"og:url\" content=\"https:\/\/www.ecrins-photo.fr\/blog\/crepuscule-fort-saint-eynard\/\" \/>\n<meta property=\"og:site_name\" content=\"L&#039;Ecrins Photo, le blog\" \/>\n<meta property=\"article:publisher\" content=\"https:\/\/www.facebook.com\/LEcrins-Photo-photographie-362218033868644\/\" \/>\n<meta property=\"article:published_time\" content=\"2017-12-19T19:11:41+00:00\" \/>\n<meta property=\"article:modified_time\" content=\"2020-02-15T20:40:32+00:00\" \/>\n<meta property=\"og:image\" content=\"https:\/\/www.ecrins-photo.fr\/blog\/wp-content\/uploads\/2017\/12\/saint-eynard.jpg\" \/>\n\t<meta property=\"og:image:width\" content=\"1500\" \/>\n\t<meta property=\"og:image:height\" content=\"546\" \/>\n\t<meta property=\"og:image:type\" content=\"image\/jpeg\" \/>\n<meta name=\"twitter:card\" content=\"summary\" \/>\n<meta name=\"twitter:label1\" content=\"\u00c9crit par\" \/>\n\t<meta name=\"twitter:data1\" content=\"Julien\" \/>\n<script type=\"application\/ld+json\" class=\"yoast-schema-graph\">{\n\t    \"@context\": \"https:\/\/schema.org\",\n\t    \"@graph\": [\n\t        {\n\t            \"@type\": \"WebSite\",\n\t            \"@id\": \"http:\/\/www.ecrins-photo.fr\/blog\/#website\",\n\t            \"url\": \"http:\/\/www.ecrins-photo.fr\/blog\/\",\n\t            \"name\": \"L&#039;Ecrins Photo, le blog\",\n\t            \"description\": \"Le blog de L&#039;Ecrins-Photo\",\n\t            \"potentialAction\": [\n\t                {\n\t                    \"@type\": \"SearchAction\",\n\t                    \"target\": {\n\t                        \"@type\": \"EntryPoint\",\n\t                        \"urlTemplate\": \"http:\/\/www.ecrins-photo.fr\/blog\/?s={search_term_string}\"\n\t                    },\n\t                    \"query-input\": \"required name=search_term_string\"\n\t                }\n\t            ],\n\t            \"inLanguage\": \"fr-FR\"\n\t        },\n\t        {\n\t            \"@type\": \"ImageObject\",\n\t            \"@id\": \"https:\/\/www.ecrins-photo.fr\/blog\/crepuscule-fort-saint-eynard\/#primaryimage\",\n\t            \"inLanguage\": \"fr-FR\",\n\t            \"url\": \"http:\/\/www.ecrins-photo.fr\/blog\/wp-content\/uploads\/2017\/12\/saint-eynard.jpg\",\n\t            \"contentUrl\": \"http:\/\/www.ecrins-photo.fr\/blog\/wp-content\/uploads\/2017\/12\/saint-eynard.jpg\",\n\t            \"width\": 1500,\n\t            \"height\": 546,\n\t            \"caption\": \"cr\\u00e9puscule au Saint Eynard\"\n\t        },\n\t        {\n\t            \"@type\": \"WebPage\",\n\t            \"@id\": \"https:\/\/www.ecrins-photo.fr\/blog\/crepuscule-fort-saint-eynard\/#webpage\",\n\t            \"url\": \"https:\/\/www.ecrins-photo.fr\/blog\/crepuscule-fort-saint-eynard\/\",\n\t            \"name\": \"Cr\\u00e9puscule au fort du Saint-Eynard - L&#039;Ecrins Photo, le blog\",\n\t            \"isPartOf\": {\n\t                \"@id\": \"http:\/\/www.ecrins-photo.fr\/blog\/#website\"\n\t            },\n\t            \"primaryImageOfPage\": {\n\t                \"@id\": \"https:\/\/www.ecrins-photo.fr\/blog\/crepuscule-fort-saint-eynard\/#primaryimage\"\n\t            },\n\t            \"datePublished\": \"2017-12-19T19:11:41+00:00\",\n\t            \"dateModified\": \"2020-02-15T20:40:32+00:00\",\n\t            \"author\": {\n\t                \"@id\": \"http:\/\/www.ecrins-photo.fr\/blog\/#\/schema\/person\/2bbc81449f5b460c3aef06fdb4ee5dff\"\n\t            },\n\t            \"breadcrumb\": {\n\t                \"@id\": \"https:\/\/www.ecrins-photo.fr\/blog\/crepuscule-fort-saint-eynard\/#breadcrumb\"\n\t            },\n\t            \"inLanguage\": \"fr-FR\",\n\t            \"potentialAction\": [\n\t                {\n\t                    \"@type\": \"ReadAction\",\n\t                    \"target\": [\n\t                        \"https:\/\/www.ecrins-photo.fr\/blog\/crepuscule-fort-saint-eynard\/\"\n\t                    ]\n\t                }\n\t            ]\n\t        },\n\t        {\n\t            \"@type\": \"BreadcrumbList\",\n\t            \"@id\": \"https:\/\/www.ecrins-photo.fr\/blog\/crepuscule-fort-saint-eynard\/#breadcrumb\",\n\t            \"itemListElement\": [\n\t                {\n\t                    \"@type\": \"ListItem\",\n\t                    \"position\": 1,\n\t                    \"name\": \"Accueil\",\n\t                    \"item\": \"http:\/\/www.ecrins-photo.fr\/blog\/\"\n\t                },\n\t                {\n\t                    \"@type\": \"ListItem\",\n\t                    \"position\": 2,\n\t                    \"name\": \"Cr\\u00e9puscule au fort du Saint-Eynard\"\n\t                }\n\t            ]\n\t        },\n\t        {\n\t            \"@type\": \"Person\",\n\t            \"@id\": \"http:\/\/www.ecrins-photo.fr\/blog\/#\/schema\/person\/2bbc81449f5b460c3aef06fdb4ee5dff\",\n\t            \"name\": \"Julien\",\n\t            \"image\": {\n\t                \"@type\": \"ImageObject\",\n\t                \"@id\": \"http:\/\/www.ecrins-photo.fr\/blog\/#personlogo\",\n\t                \"inLanguage\": \"fr-FR\",\n\t                \"url\": \"http:\/\/2.gravatar.com\/avatar\/bf0a415254a3097ff0def61e186455b3?s=96&d=mm&r=g\",\n\t                \"contentUrl\": \"http:\/\/2.gravatar.com\/avatar\/bf0a415254a3097ff0def61e186455b3?s=96&d=mm&r=g\",\n\t                \"caption\": \"Julien\"\n\t            },\n\t            \"sameAs\": [\n\t                \"http:\/\/www.ecrins-photo.fr\/\"\n\t            ]\n\t        }\n\t    ]\n\t}<\/script>\n<!-- \/ Yoast SEO plugin. -->","yoast_head_json":{"robots":{"index":"index","follow":"follow","max-snippet":"max-snippet:-1","max-image-preview":"max-image-preview:large","max-video-preview":"max-video-preview:-1"},"canonical":"https:\/\/www.ecrins-photo.fr\/blog\/crepuscule-fort-saint-eynard\/","og_locale":"fr_FR","og_type":"article","og_title":"Cr\u00e9puscule au fort du Saint-Eynard - L&#039;Ecrins Photo, le blog","og_description":"Petite photo de cet \u00e9t\u00e9, sur les hauteurs de Grenoble, au fort du Saint Eynard, l\u2019obscurit\u00e9 \u00e0 d\u00e9j\u00e0 gagn\u00e9 la ville tandis que les derni\u00e8res lumi\u00e8res chatouille le fort sur les hauteurs de Chartreuses. &nbsp;","og_url":"https:\/\/www.ecrins-photo.fr\/blog\/crepuscule-fort-saint-eynard\/","og_site_name":"L&#039;Ecrins Photo, le blog","article_publisher":"https:\/\/www.facebook.com\/LEcrins-Photo-photographie-362218033868644\/","article_published_time":"2017-12-19T19:11:41+00:00","article_modified_time":"2020-02-15T20:40:32+00:00","og_image":[{"width":1500,"height":546,"url":"https:\/\/www.ecrins-photo.fr\/blog\/wp-content\/uploads\/2017\/12\/saint-eynard.jpg","type":"image\/jpeg"}],"twitter_card":"summary","twitter_misc":{"\u00c9crit par":"Julien"},"schema":{"@context":"https:\/\/schema.org","@graph":[{"@type":"WebSite","@id":"http:\/\/www.ecrins-photo.fr\/blog\/#website","url":"http:\/\/www.ecrins-photo.fr\/blog\/","name":"L&#039;Ecrins Photo, le blog","description":"Le blog de L&#039;Ecrins-Photo","potentialAction":[{"@type":"SearchAction","target":{"@type":"EntryPoint","urlTemplate":"http:\/\/www.ecrins-photo.fr\/blog\/?s={search_term_string}"},"query-input":"required name=search_term_string"}],"inLanguage":"fr-FR"},{"@type":"ImageObject","@id":"https:\/\/www.ecrins-photo.fr\/blog\/crepuscule-fort-saint-eynard\/#primaryimage","inLanguage":"fr-FR","url":"http:\/\/www.ecrins-photo.fr\/blog\/wp-content\/uploads\/2017\/12\/saint-eynard.jpg","contentUrl":"http:\/\/www.ecrins-photo.fr\/blog\/wp-content\/uploads\/2017\/12\/saint-eynard.jpg","width":1500,"height":546,"caption":"cr\u00e9puscule au Saint Eynard"},{"@type":"WebPage","@id":"https:\/\/www.ecrins-photo.fr\/blog\/crepuscule-fort-saint-eynard\/#webpage","url":"https:\/\/www.ecrins-photo.fr\/blog\/crepuscule-fort-saint-eynard\/","name":"Cr\u00e9puscule au fort du Saint-Eynard - L&#039;Ecrins Photo, le blog","isPartOf":{"@id":"http:\/\/www.ecrins-photo.fr\/blog\/#website"},"primaryImageOfPage":{"@id":"https:\/\/www.ecrins-photo.fr\/blog\/crepuscule-fort-saint-eynard\/#primaryimage"},"datePublished":"2017-12-19T19:11:41+00:00","dateModified":"2020-02-15T20:40:32+00:00","author":{"@id":"http:\/\/www.ecrins-photo.fr\/blog\/#\/schema\/person\/2bbc81449f5b460c3aef06fdb4ee5dff"},"breadcrumb":{"@id":"https:\/\/www.ecrins-photo.fr\/blog\/crepuscule-fort-saint-eynard\/#breadcrumb"},"inLanguage":"fr-FR","potentialAction":[{"@type":"ReadAction","target":["https:\/\/www.ecrins-photo.fr\/blog\/crepuscule-fort-saint-eynard\/"]}]},{"@type":"BreadcrumbList","@id":"https:\/\/www.ecrins-photo.fr\/blog\/crepuscule-fort-saint-eynard\/#breadcrumb","itemListElement":[{"@type":"ListItem","position":1,"name":"Accueil","item":"http:\/\/www.ecrins-photo.fr\/blog\/"},{"@type":"ListItem","position":2,"name":"Cr\u00e9puscule au fort du Saint-Eynard"}]},{"@type":"Person","@id":"http:\/\/www.ecrins-photo.fr\/blog\/#\/schema\/person\/2bbc81449f5b460c3aef06fdb4ee5dff","name":"Julien","image":{"@type":"ImageObject","@id":"http:\/\/www.ecrins-photo.fr\/blog\/#personlogo","inLanguage":"fr-FR","url":"http:\/\/2.gravatar.com\/avatar\/bf0a415254a3097ff0def61e186455b3?s=96&d=mm&r=g","contentUrl":"http:\/\/2.gravatar.com\/avatar\/bf0a415254a3097ff0def61e186455b3?s=96&d=mm&r=g","caption":"Julien"},"sameAs":["http:\/\/www.ecrins-photo.fr\/"]}]}},"_links":{"self":[{"href":"http:\/\/www.ecrins-photo.fr\/blog\/wp-json\/wp\/v2\/posts\/580"}],"collection":[{"href":"http:\/\/www.ecrins-photo.fr\/blog\/wp-json\/wp\/v2\/posts"}],"about":[{"href":"http:\/\/www.ecrins-photo.fr\/blog\/wp-json\/wp\/v2\/types\/post"}],"author":[{"embeddable":true,"href":"http:\/\/www.ecrins-photo.fr\/blog\/wp-json\/wp\/v2\/users\/1"}],"replies":[{"embeddable":true,"href":"http:\/\/www.ecrins-photo.fr\/blog\/wp-json\/wp\/v2\/comments?post=580"}],"version-history":[{"count":3,"href":"http:\/\/www.ecrins-photo.fr\/blog\/wp-json\/wp\/v2\/posts\/580\/revisions"}],"predecessor-version":[{"id":647,"href":"http:\/\/www.ecrins-photo.fr\/blog\/wp-json\/wp\/v2\/posts\/580\/revisions\/647"}],"wp:featuredmedia":[{"embeddable":true,"href":"http:\/\/www.ecrins-photo.fr\/blog\/wp-json\/wp\/v2\/media\/581"}],"wp:attachment":[{"href":"http:\/\/www.ecrins-photo.fr\/blog\/wp-json\/wp\/v2\/media?parent=580"}],"wp:term":[{"taxonomy":"category","embeddable":true,"href":"http:\/\/www.ecrins-photo.fr\/blog\/wp-json\/wp\/v2\/categories?post=580"},{"taxonomy":"post_tag","embeddable":true,"href":"http:\/\/www.ecrins-photo.fr\/blog\/wp-json\/wp\/v2\/tags?post=580"}],"curies":[{"name":"wp","href":"https:\/\/api.w.org\/{rel}","templated":true}]}}