{"id":418,"date":"2017-06-21T21:14:33","date_gmt":"2017-06-21T20:14:33","guid":{"rendered":"http:\/\/www.ecrins-photo.fr\/blog\/?p=418"},"modified":"2020-02-09T12:28:37","modified_gmt":"2020-02-09T11:28:37","slug":"crepuscule-marin-en-armorique","status":"publish","type":"post","link":"http:\/\/www.ecrins-photo.fr\/blog\/crepuscule-marin-en-armorique\/","title":{"rendered":"Cr\u00e9puscule marin en Armorique"},"content":{"rendered":"<p>Quoi de plus rafraichissant que la douceur du soir sur la c\u00f4te de Penthi\u00e8vre, \u00e9clair\u00e9 pour l&rsquo;occasion par les derniers rayons du soleil qui caresse les roches et les fleurs.<\/p>\n<p><a href=\"\/blog\/wp-content\/uploads\/2017\/06\/Z5A4618.jpg\" rel=\"lightbox[418]\"><img loading=\"lazy\" class=\"aligncenter size-full wp-image-420\" src=\"\/blog\/wp-content\/uploads\/2017\/06\/Z5A4618.jpg\" alt=\"\" width=\"950\" height=\"633\" srcset=\"http:\/\/www.ecrins-photo.fr\/blog\/wp-content\/uploads\/2017\/06\/Z5A4618.jpg 950w, http:\/\/www.ecrins-photo.fr\/blog\/wp-content\/uploads\/2017\/06\/Z5A4618-700x466.jpg 700w\" sizes=\"(max-width: 950px) 100vw, 950px\" \/><\/a><\/p>\n<p>La c\u00f4te oscille entre pointe de gr\u00e8s et plage de sable, cr\u00e9ant une grande diversit\u00e9 de paysage pour le plus grand plaisir des contemplatifs.<\/p>\n<p><a href=\"\/blog\/wp-content\/uploads\/2017\/06\/Z5A4642.jpg\" rel=\"lightbox[418]\"><img loading=\"lazy\" class=\"aligncenter size-full wp-image-419\" src=\"\/blog\/wp-content\/uploads\/2017\/06\/Z5A4642.jpg\" alt=\"Plage et pointe sur la c\u00f4te de Penthi\u00e8vre\" width=\"633\" height=\"950\" srcset=\"http:\/\/www.ecrins-photo.fr\/blog\/wp-content\/uploads\/2017\/06\/Z5A4642.jpg 633w, http:\/\/www.ecrins-photo.fr\/blog\/wp-content\/uploads\/2017\/06\/Z5A4642-333x500.jpg 333w, http:\/\/www.ecrins-photo.fr\/blog\/wp-content\/uploads\/2017\/06\/Z5A4642-500x750.jpg 500w\" sizes=\"(max-width: 633px) 100vw, 633px\" \/><\/a><\/p>\n","protected":false},"excerpt":{"rendered":"<p>Quoi de plus rafraichissant que la douceur du soir sur la c\u00f4te de Penthi\u00e8vre, \u00e9clair\u00e9 pour l&rsquo;occasion par les derniers rayons du soleil qui caresse les roches et les fleurs. La c\u00f4te oscille entre pointe de gr\u00e8s et plage de sable, cr\u00e9ant une grande diversit\u00e9 de paysage pour le plus grand plaisir des contemplatifs.<\/p>\n","protected":false},"author":1,"featured_media":419,"comment_status":"open","ping_status":"open","sticky":false,"template":"","format":"standard","meta":{"_exactmetrics_skip_tracking":false,"_exactmetrics_sitenote_active":false,"_exactmetrics_sitenote_note":"","_exactmetrics_sitenote_category":0},"categories":[130],"tags":[14,63,29,24,65,13,64],"yoast_head":"<!-- This site is optimized with the Yoast SEO plugin v17.9 - https:\/\/yoast.com\/wordpress\/plugins\/seo\/ -->\n<meta name=\"description\" content=\"Douceur du soir sur la c\u00f4te de Penthi\u00e8vre, \u00e9clair\u00e9 pour l&#039;occasion par les derniers rayons du soleil qui caresse les roches et les fleurs.\" \/>\n<meta name=\"robots\" content=\"index, follow, max-snippet:-1, max-image-preview:large, max-video-preview:-1\" \/>\n<link rel=\"canonical\" href=\"https:\/\/www.ecrins-photo.fr\/blog\/crepuscule-marin-en-armorique\/\" \/>\n<meta property=\"og:locale\" content=\"fr_FR\" \/>\n<meta property=\"og:type\" content=\"article\" \/>\n<meta property=\"og:title\" content=\"Cr\u00e9puscule marin en Armorique - L&#039;Ecrins Photo, le blog\" \/>\n<meta property=\"og:description\" content=\"Douceur du soir sur la c\u00f4te de Penthi\u00e8vre, \u00e9clair\u00e9 pour l&#039;occasion par les derniers rayons du soleil qui caresse les roches et les fleurs.\" \/>\n<meta property=\"og:url\" content=\"https:\/\/www.ecrins-photo.fr\/blog\/crepuscule-marin-en-armorique\/\" \/>\n<meta property=\"og:site_name\" content=\"L&#039;Ecrins Photo, le blog\" \/>\n<meta property=\"article:publisher\" content=\"https:\/\/www.facebook.com\/LEcrins-Photo-photographie-362218033868644\/\" \/>\n<meta property=\"article:published_time\" content=\"2017-06-21T20:14:33+00:00\" \/>\n<meta property=\"article:modified_time\" content=\"2020-02-09T11:28:37+00:00\" \/>\n<meta property=\"og:image\" content=\"https:\/\/www.ecrins-photo.fr\/blog\/wp-content\/uploads\/2017\/06\/Z5A4642.jpg\" \/>\n\t<meta property=\"og:image:width\" content=\"633\" \/>\n\t<meta property=\"og:image:height\" content=\"950\" \/>\n\t<meta property=\"og:image:type\" content=\"image\/jpeg\" \/>\n<meta name=\"twitter:card\" content=\"summary\" \/>\n<meta name=\"twitter:label1\" content=\"\u00c9crit par\" \/>\n\t<meta name=\"twitter:data1\" content=\"Julien\" \/>\n<script type=\"application\/ld+json\" class=\"yoast-schema-graph\">{\n\t    \"@context\": \"https:\/\/schema.org\",\n\t    \"@graph\": [\n\t        {\n\t            \"@type\": \"WebSite\",\n\t            \"@id\": \"http:\/\/www.ecrins-photo.fr\/blog\/#website\",\n\t            \"url\": \"http:\/\/www.ecrins-photo.fr\/blog\/\",\n\t            \"name\": \"L&#039;Ecrins Photo, le blog\",\n\t            \"description\": \"Le blog de L&#039;Ecrins-Photo\",\n\t            \"potentialAction\": [\n\t                {\n\t                    \"@type\": \"SearchAction\",\n\t                    \"target\": {\n\t                        \"@type\": \"EntryPoint\",\n\t                        \"urlTemplate\": \"http:\/\/www.ecrins-photo.fr\/blog\/?s={search_term_string}\"\n\t                    },\n\t                    \"query-input\": \"required name=search_term_string\"\n\t                }\n\t            ],\n\t            \"inLanguage\": \"fr-FR\"\n\t        },\n\t        {\n\t            \"@type\": \"ImageObject\",\n\t            \"@id\": \"https:\/\/www.ecrins-photo.fr\/blog\/crepuscule-marin-en-armorique\/#primaryimage\",\n\t            \"inLanguage\": \"fr-FR\",\n\t            \"url\": \"http:\/\/www.ecrins-photo.fr\/blog\/wp-content\/uploads\/2017\/06\/Z5A4642.jpg\",\n\t            \"contentUrl\": \"http:\/\/www.ecrins-photo.fr\/blog\/wp-content\/uploads\/2017\/06\/Z5A4642.jpg\",\n\t            \"width\": 633,\n\t            \"height\": 950,\n\t            \"caption\": \"Plage et pointe sur la c\\u00f4te de Penthi\\u00e8vre\"\n\t        },\n\t        {\n\t            \"@type\": \"WebPage\",\n\t            \"@id\": \"https:\/\/www.ecrins-photo.fr\/blog\/crepuscule-marin-en-armorique\/#webpage\",\n\t            \"url\": \"https:\/\/www.ecrins-photo.fr\/blog\/crepuscule-marin-en-armorique\/\",\n\t            \"name\": \"Cr\\u00e9puscule marin en Armorique - L&#039;Ecrins Photo, le blog\",\n\t            \"isPartOf\": {\n\t                \"@id\": \"http:\/\/www.ecrins-photo.fr\/blog\/#website\"\n\t            },\n\t            \"primaryImageOfPage\": {\n\t                \"@id\": \"https:\/\/www.ecrins-photo.fr\/blog\/crepuscule-marin-en-armorique\/#primaryimage\"\n\t            },\n\t            \"datePublished\": \"2017-06-21T20:14:33+00:00\",\n\t            \"dateModified\": \"2020-02-09T11:28:37+00:00\",\n\t            \"author\": {\n\t                \"@id\": \"http:\/\/www.ecrins-photo.fr\/blog\/#\/schema\/person\/2bbc81449f5b460c3aef06fdb4ee5dff\"\n\t            },\n\t            \"description\": \"Douceur du soir sur la c\\u00f4te de Penthi\\u00e8vre, \\u00e9clair\\u00e9 pour l'occasion par les derniers rayons du soleil qui caresse les roches et les fleurs.\",\n\t            \"breadcrumb\": {\n\t                \"@id\": \"https:\/\/www.ecrins-photo.fr\/blog\/crepuscule-marin-en-armorique\/#breadcrumb\"\n\t            },\n\t            \"inLanguage\": \"fr-FR\",\n\t            \"potentialAction\": [\n\t                {\n\t                    \"@type\": \"ReadAction\",\n\t                    \"target\": [\n\t                        \"https:\/\/www.ecrins-photo.fr\/blog\/crepuscule-marin-en-armorique\/\"\n\t                    ]\n\t                }\n\t            ]\n\t        },\n\t        {\n\t            \"@type\": \"BreadcrumbList\",\n\t            \"@id\": \"https:\/\/www.ecrins-photo.fr\/blog\/crepuscule-marin-en-armorique\/#breadcrumb\",\n\t            \"itemListElement\": [\n\t                {\n\t                    \"@type\": \"ListItem\",\n\t                    \"position\": 1,\n\t                    \"name\": \"Accueil\",\n\t                    \"item\": \"http:\/\/www.ecrins-photo.fr\/blog\/\"\n\t                },\n\t                {\n\t                    \"@type\": \"ListItem\",\n\t                    \"position\": 2,\n\t                    \"name\": \"Cr\\u00e9puscule marin en Armorique\"\n\t                }\n\t            ]\n\t        },\n\t        {\n\t            \"@type\": \"Person\",\n\t            \"@id\": \"http:\/\/www.ecrins-photo.fr\/blog\/#\/schema\/person\/2bbc81449f5b460c3aef06fdb4ee5dff\",\n\t            \"name\": \"Julien\",\n\t            \"image\": {\n\t                \"@type\": \"ImageObject\",\n\t                \"@id\": \"http:\/\/www.ecrins-photo.fr\/blog\/#personlogo\",\n\t                \"inLanguage\": \"fr-FR\",\n\t                \"url\": \"http:\/\/2.gravatar.com\/avatar\/bf0a415254a3097ff0def61e186455b3?s=96&d=mm&r=g\",\n\t                \"contentUrl\": \"http:\/\/2.gravatar.com\/avatar\/bf0a415254a3097ff0def61e186455b3?s=96&d=mm&r=g\",\n\t                \"caption\": \"Julien\"\n\t            },\n\t            \"sameAs\": [\n\t                \"http:\/\/www.ecrins-photo.fr\/\"\n\t            ]\n\t        }\n\t    ]\n\t}<\/script>\n<!-- \/ Yoast SEO plugin. -->","yoast_head_json":{"description":"Douceur du soir sur la c\u00f4te de Penthi\u00e8vre, \u00e9clair\u00e9 pour l'occasion par les derniers rayons du soleil qui caresse les roches et les fleurs.","robots":{"index":"index","follow":"follow","max-snippet":"max-snippet:-1","max-image-preview":"max-image-preview:large","max-video-preview":"max-video-preview:-1"},"canonical":"https:\/\/www.ecrins-photo.fr\/blog\/crepuscule-marin-en-armorique\/","og_locale":"fr_FR","og_type":"article","og_title":"Cr\u00e9puscule marin en Armorique - L&#039;Ecrins Photo, le blog","og_description":"Douceur du soir sur la c\u00f4te de Penthi\u00e8vre, \u00e9clair\u00e9 pour l'occasion par les derniers rayons du soleil qui caresse les roches et les fleurs.","og_url":"https:\/\/www.ecrins-photo.fr\/blog\/crepuscule-marin-en-armorique\/","og_site_name":"L&#039;Ecrins Photo, le blog","article_publisher":"https:\/\/www.facebook.com\/LEcrins-Photo-photographie-362218033868644\/","article_published_time":"2017-06-21T20:14:33+00:00","article_modified_time":"2020-02-09T11:28:37+00:00","og_image":[{"width":633,"height":950,"url":"https:\/\/www.ecrins-photo.fr\/blog\/wp-content\/uploads\/2017\/06\/Z5A4642.jpg","type":"image\/jpeg"}],"twitter_card":"summary","twitter_misc":{"\u00c9crit par":"Julien"},"schema":{"@context":"https:\/\/schema.org","@graph":[{"@type":"WebSite","@id":"http:\/\/www.ecrins-photo.fr\/blog\/#website","url":"http:\/\/www.ecrins-photo.fr\/blog\/","name":"L&#039;Ecrins Photo, le blog","description":"Le blog de L&#039;Ecrins-Photo","potentialAction":[{"@type":"SearchAction","target":{"@type":"EntryPoint","urlTemplate":"http:\/\/www.ecrins-photo.fr\/blog\/?s={search_term_string}"},"query-input":"required name=search_term_string"}],"inLanguage":"fr-FR"},{"@type":"ImageObject","@id":"https:\/\/www.ecrins-photo.fr\/blog\/crepuscule-marin-en-armorique\/#primaryimage","inLanguage":"fr-FR","url":"http:\/\/www.ecrins-photo.fr\/blog\/wp-content\/uploads\/2017\/06\/Z5A4642.jpg","contentUrl":"http:\/\/www.ecrins-photo.fr\/blog\/wp-content\/uploads\/2017\/06\/Z5A4642.jpg","width":633,"height":950,"caption":"Plage et pointe sur la c\u00f4te de Penthi\u00e8vre"},{"@type":"WebPage","@id":"https:\/\/www.ecrins-photo.fr\/blog\/crepuscule-marin-en-armorique\/#webpage","url":"https:\/\/www.ecrins-photo.fr\/blog\/crepuscule-marin-en-armorique\/","name":"Cr\u00e9puscule marin en Armorique - L&#039;Ecrins Photo, le blog","isPartOf":{"@id":"http:\/\/www.ecrins-photo.fr\/blog\/#website"},"primaryImageOfPage":{"@id":"https:\/\/www.ecrins-photo.fr\/blog\/crepuscule-marin-en-armorique\/#primaryimage"},"datePublished":"2017-06-21T20:14:33+00:00","dateModified":"2020-02-09T11:28:37+00:00","author":{"@id":"http:\/\/www.ecrins-photo.fr\/blog\/#\/schema\/person\/2bbc81449f5b460c3aef06fdb4ee5dff"},"description":"Douceur du soir sur la c\u00f4te de Penthi\u00e8vre, \u00e9clair\u00e9 pour l'occasion par les derniers rayons du soleil qui caresse les roches et les fleurs.","breadcrumb":{"@id":"https:\/\/www.ecrins-photo.fr\/blog\/crepuscule-marin-en-armorique\/#breadcrumb"},"inLanguage":"fr-FR","potentialAction":[{"@type":"ReadAction","target":["https:\/\/www.ecrins-photo.fr\/blog\/crepuscule-marin-en-armorique\/"]}]},{"@type":"BreadcrumbList","@id":"https:\/\/www.ecrins-photo.fr\/blog\/crepuscule-marin-en-armorique\/#breadcrumb","itemListElement":[{"@type":"ListItem","position":1,"name":"Accueil","item":"http:\/\/www.ecrins-photo.fr\/blog\/"},{"@type":"ListItem","position":2,"name":"Cr\u00e9puscule marin en Armorique"}]},{"@type":"Person","@id":"http:\/\/www.ecrins-photo.fr\/blog\/#\/schema\/person\/2bbc81449f5b460c3aef06fdb4ee5dff","name":"Julien","image":{"@type":"ImageObject","@id":"http:\/\/www.ecrins-photo.fr\/blog\/#personlogo","inLanguage":"fr-FR","url":"http:\/\/2.gravatar.com\/avatar\/bf0a415254a3097ff0def61e186455b3?s=96&d=mm&r=g","contentUrl":"http:\/\/2.gravatar.com\/avatar\/bf0a415254a3097ff0def61e186455b3?s=96&d=mm&r=g","caption":"Julien"},"sameAs":["http:\/\/www.ecrins-photo.fr\/"]}]}},"_links":{"self":[{"href":"http:\/\/www.ecrins-photo.fr\/blog\/wp-json\/wp\/v2\/posts\/418"}],"collection":[{"href":"http:\/\/www.ecrins-photo.fr\/blog\/wp-json\/wp\/v2\/posts"}],"about":[{"href":"http:\/\/www.ecrins-photo.fr\/blog\/wp-json\/wp\/v2\/types\/post"}],"author":[{"embeddable":true,"href":"http:\/\/www.ecrins-photo.fr\/blog\/wp-json\/wp\/v2\/users\/1"}],"replies":[{"embeddable":true,"href":"http:\/\/www.ecrins-photo.fr\/blog\/wp-json\/wp\/v2\/comments?post=418"}],"version-history":[{"count":6,"href":"http:\/\/www.ecrins-photo.fr\/blog\/wp-json\/wp\/v2\/posts\/418\/revisions"}],"predecessor-version":[{"id":578,"href":"http:\/\/www.ecrins-photo.fr\/blog\/wp-json\/wp\/v2\/posts\/418\/revisions\/578"}],"wp:featuredmedia":[{"embeddable":true,"href":"http:\/\/www.ecrins-photo.fr\/blog\/wp-json\/wp\/v2\/media\/419"}],"wp:attachment":[{"href":"http:\/\/www.ecrins-photo.fr\/blog\/wp-json\/wp\/v2\/media?parent=418"}],"wp:term":[{"taxonomy":"category","embeddable":true,"href":"http:\/\/www.ecrins-photo.fr\/blog\/wp-json\/wp\/v2\/categories?post=418"},{"taxonomy":"post_tag","embeddable":true,"href":"http:\/\/www.ecrins-photo.fr\/blog\/wp-json\/wp\/v2\/tags?post=418"}],"curies":[{"name":"wp","href":"https:\/\/api.w.org\/{rel}","templated":true}]}}