{"id":383,"date":"2016-12-29T22:56:39","date_gmt":"2016-12-29T21:56:39","guid":{"rendered":"http:\/\/www.ecrins-photo.fr\/blog\/?p=383"},"modified":"2020-02-09T12:28:16","modified_gmt":"2020-02-09T11:28:16","slug":"2016-en-photos-de-mer","status":"publish","type":"post","link":"http:\/\/www.ecrins-photo.fr\/blog\/2016-en-photos-de-mer\/","title":{"rendered":"2016 en photos de mer"},"content":{"rendered":"<div class=\"_2cuy _3dgx\" data-block=\"true\" data-editor=\"95ted\" data-offset-key=\"cqcpd-0-0\">\n<div class=\"_1mf _1mj\" data-offset-key=\"cqcpd-0-0\"><span data-offset-key=\"cqcpd-0-0\">2016 va bient\u00f4t tirer sa r\u00e9v\u00e9rence. Quoi de mieux que de la c\u00e9l\u00e9brer par quelques beaux moments qui ont fait cette ann\u00e9e. Et pourquoi pas commencer par la Bretagne, Bretagne de l\u00e9gende partager entre Terre et Mer.<br \/>\n<\/span><\/div>\n<\/div>\n<p>&nbsp;<\/p>\n<div class=\"_1mf _1mj\" data-offset-key=\"cqcpd-0-0\"><\/div>\n<div class=\"_1mf _1mj\" data-offset-key=\"cqcpd-0-0\"><a href=\"\/blog\/wp-content\/uploads\/2016\/12\/Z5A3013.jpg\" rel=\"lightbox[383]\"><img loading=\"lazy\" class=\"size-full wp-image-385 aligncenter\" src=\"\/blog\/wp-content\/uploads\/2016\/12\/Z5A3013.jpg\" alt=\"\" width=\"950\" height=\"633\" srcset=\"http:\/\/www.ecrins-photo.fr\/blog\/wp-content\/uploads\/2016\/12\/Z5A3013.jpg 950w, http:\/\/www.ecrins-photo.fr\/blog\/wp-content\/uploads\/2016\/12\/Z5A3013-700x466.jpg 700w\" sizes=\"(max-width: 950px) 100vw, 950px\" \/><\/a><\/div>\n<div class=\"_1mf _1mj\" data-offset-key=\"cqcpd-0-0\"><\/div>\n<div class=\"_1mf _1mj\" data-offset-key=\"cqcpd-0-0\"><\/div>\n<div class=\"_1mf _1mj\" data-offset-key=\"cqcpd-0-0\"><\/div>\n<div class=\"_1mf _1mj\" data-offset-key=\"cqcpd-0-0\">\n<div id='gallery-1' class='gallery galleryid-383 gallery-columns-3 gallery-size-thumbnail'><dl class='gallery-item'>\n\t\t\t<dt class='gallery-icon landscape'>\n\t\t\t\t<a href='http:\/\/www.ecrins-photo.fr\/blog\/wp-content\/uploads\/2016\/12\/Z5A3512.jpg' rel=\"lightbox[383]\"><img width=\"200\" height=\"200\" src=\"http:\/\/www.ecrins-photo.fr\/blog\/wp-content\/uploads\/2016\/12\/Z5A3512-200x200.jpg\" class=\"attachment-thumbnail size-thumbnail\" alt=\"Bord de mer\" loading=\"lazy\" srcset=\"http:\/\/www.ecrins-photo.fr\/blog\/wp-content\/uploads\/2016\/12\/Z5A3512-200x200.jpg 200w, http:\/\/www.ecrins-photo.fr\/blog\/wp-content\/uploads\/2016\/12\/Z5A3512-500x500.jpg 500w, http:\/\/www.ecrins-photo.fr\/blog\/wp-content\/uploads\/2016\/12\/Z5A3512-750x750.jpg 750w, http:\/\/www.ecrins-photo.fr\/blog\/wp-content\/uploads\/2016\/12\/Z5A3512.jpg 950w\" sizes=\"(max-width: 200px) 100vw, 200px\" \/><\/a>\n\t\t\t<\/dt><\/dl><dl class='gallery-item'>\n\t\t\t<dt class='gallery-icon portrait'>\n\t\t\t\t<a href='http:\/\/www.ecrins-photo.fr\/blog\/wp-content\/uploads\/2016\/08\/cr\u00e9puscule-vougot-ecrins-photo.jpg' rel=\"lightbox[383]\"><img width=\"200\" height=\"200\" src=\"http:\/\/www.ecrins-photo.fr\/blog\/wp-content\/uploads\/2016\/08\/cr\u00e9puscule-vougot-ecrins-photo-200x200.jpg\" class=\"attachment-thumbnail size-thumbnail\" alt=\"cr\u00e9puscule-vougot-ecrins-photo\" loading=\"lazy\" \/><\/a>\n\t\t\t<\/dt><\/dl><dl class='gallery-item'>\n\t\t\t<dt class='gallery-icon landscape'>\n\t\t\t\t<a href='http:\/\/www.ecrins-photo.fr\/blog\/wp-content\/uploads\/2016\/08\/cr\u00e9puscule-plage-vougot-ecrins-photo.jpg' rel=\"lightbox[383]\"><img width=\"200\" height=\"200\" src=\"http:\/\/www.ecrins-photo.fr\/blog\/wp-content\/uploads\/2016\/08\/cr\u00e9puscule-plage-vougot-ecrins-photo-200x200.jpg\" class=\"attachment-thumbnail size-thumbnail\" alt=\"Cr\u00e9puscule sur la plage du vougot\" loading=\"lazy\" \/><\/a>\n\t\t\t<\/dt><\/dl><br style=\"clear: both\" \/>\n\t\t<\/div>\n\n<\/div>\n<p>&nbsp;<\/p>\n<div class=\"_1mf _1mj\" data-offset-key=\"cqcpd-0-0\"><\/div>\n<div class=\"_2cuy _3dgx\" data-block=\"true\" data-editor=\"95ted\" data-offset-key=\"ahms-0-0\">\n<div class=\"_1mf _1mj\" data-offset-key=\"ahms-0-0\"><span data-offset-key=\"ahms-0-0\">La Bretagne, c&rsquo;est aussi des bateaux, venu de toutes parts \u00e0 Brest pour f\u00eater le patrimoine historique en cette belle ann\u00e9e.<br \/>\n<\/span><\/div>\n<p>&nbsp;<\/p>\n<div class=\"_1mf _1mj\" data-offset-key=\"ahms-0-0\"><\/div>\n<div class=\"_1mf _1mj\" data-offset-key=\"ahms-0-0\"><\/div>\n<div class=\"_1mf _1mj\" data-offset-key=\"ahms-0-0\"><a href=\"\/blog\/wp-content\/uploads\/2016\/07\/feux-cloture9-brest2016-ecrins-photo.jpg\" rel=\"lightbox[383]\"><img loading=\"lazy\" class=\"aligncenter size-full wp-image-362\" src=\"\/blog\/wp-content\/uploads\/2016\/07\/feux-cloture9-brest2016-ecrins-photo.jpg\" alt=\"\" width=\"1200\" height=\"800\" srcset=\"http:\/\/www.ecrins-photo.fr\/blog\/wp-content\/uploads\/2016\/07\/feux-cloture9-brest2016-ecrins-photo.jpg 1200w, http:\/\/www.ecrins-photo.fr\/blog\/wp-content\/uploads\/2016\/07\/feux-cloture9-brest2016-ecrins-photo-700x467.jpg 700w, http:\/\/www.ecrins-photo.fr\/blog\/wp-content\/uploads\/2016\/07\/feux-cloture9-brest2016-ecrins-photo-950x633.jpg 950w\" sizes=\"(max-width: 1200px) 100vw, 1200px\" \/><\/a><\/div>\n<div class=\"_1mf _1mj\" data-offset-key=\"ahms-0-0\">\n<div id='gallery-2' class='gallery galleryid-383 gallery-columns-3 gallery-size-thumbnail'><dl class='gallery-item'>\n\t\t\t<dt class='gallery-icon landscape'>\n\t\t\t\t<a href='http:\/\/www.ecrins-photo.fr\/blog\/wp-content\/uploads\/2016\/07\/biche-grande-parade-brest2016-ecrins-photo.jpg' rel=\"lightbox[383]\"><img width=\"200\" height=\"200\" src=\"http:\/\/www.ecrins-photo.fr\/blog\/wp-content\/uploads\/2016\/07\/biche-grande-parade-brest2016-ecrins-photo-200x200.jpg\" class=\"attachment-thumbnail size-thumbnail\" alt=\"Le thonier dund\u00e9e de Groix Biche\" loading=\"lazy\" aria-describedby=\"gallery-2-336\" \/><\/a>\n\t\t\t<\/dt>\n\t\t\t\t<dd class='wp-caption-text gallery-caption' id='gallery-2-336'>\n\t\t\t\tLe thonier dund\u00e9e de Groix Biche\n\t\t\t\t<\/dd><\/dl><dl class='gallery-item'>\n\t\t\t<dt class='gallery-icon landscape'>\n\t\t\t\t<a href='http:\/\/www.ecrins-photo.fr\/blog\/wp-content\/uploads\/2016\/07\/ernestine-grande-parade-brest2016-ecrins-photo.jpg' rel=\"lightbox[383]\"><img width=\"200\" height=\"200\" src=\"http:\/\/www.ecrins-photo.fr\/blog\/wp-content\/uploads\/2016\/07\/ernestine-grande-parade-brest2016-ecrins-photo-200x200.jpg\" class=\"attachment-thumbnail size-thumbnail\" alt=\"L&#039;Ernestine devant les Tas de Pois\" loading=\"lazy\" aria-describedby=\"gallery-2-338\" \/><\/a>\n\t\t\t<\/dt>\n\t\t\t\t<dd class='wp-caption-text gallery-caption' id='gallery-2-338'>\n\t\t\t\tL&rsquo;Ernestine devant les Tas de Pois\n\t\t\t\t<\/dd><\/dl><dl class='gallery-item'>\n\t\t\t<dt class='gallery-icon landscape'>\n\t\t\t\t<a href='http:\/\/www.ecrins-photo.fr\/blog\/wp-content\/uploads\/2016\/07\/greement-hollandais-brest2016-ecrins-photo.jpg' rel=\"lightbox[383]\"><img width=\"200\" height=\"200\" src=\"http:\/\/www.ecrins-photo.fr\/blog\/wp-content\/uploads\/2016\/07\/greement-hollandais-brest2016-ecrins-photo-200x200.jpg\" class=\"attachment-thumbnail size-thumbnail\" alt=\"Gr\u00e9ement Hollandais\" loading=\"lazy\" aria-describedby=\"gallery-2-237\" srcset=\"http:\/\/www.ecrins-photo.fr\/blog\/wp-content\/uploads\/2016\/07\/greement-hollandais-brest2016-ecrins-photo-200x200.jpg 200w, http:\/\/www.ecrins-photo.fr\/blog\/wp-content\/uploads\/2016\/07\/greement-hollandais-brest2016-ecrins-photo-500x500.jpg 500w, http:\/\/www.ecrins-photo.fr\/blog\/wp-content\/uploads\/2016\/07\/greement-hollandais-brest2016-ecrins-photo.jpg 600w\" sizes=\"(max-width: 200px) 100vw, 200px\" \/><\/a>\n\t\t\t<\/dt>\n\t\t\t\t<dd class='wp-caption-text gallery-caption' id='gallery-2-237'>\n\t\t\t\tGr\u00e9ement hollandais au f\u00eate maritime de Brest\n\t\t\t\t<\/dd><\/dl><br style=\"clear: both\" \/>\n\t\t<\/div>\n\n<\/div>\n<\/div>\n<div class=\"_1mf _1mj\" data-offset-key=\"ahms-0-0\"><\/div>\n<div class=\"_1mf _1mj\" data-offset-key=\"ahms-0-0\"><\/div>\n","protected":false},"excerpt":{"rendered":"<p>2016 va bient\u00f4t tirer sa r\u00e9v\u00e9rence. Quoi de mieux que de la c\u00e9l\u00e9brer par quelques beaux moments qui ont fait cette ann\u00e9e. Et pourquoi pas commencer par la Bretagne, Bretagne de l\u00e9gende partager entre Terre et Mer. &nbsp; &nbsp; La Bretagne, c&rsquo;est aussi des bateaux, venu de toutes parts \u00e0 Brest pour f\u00eater le patrimoine [&hellip;]<\/p>\n","protected":false},"author":1,"featured_media":0,"comment_status":"open","ping_status":"open","sticky":false,"template":"","format":"standard","meta":{"_exactmetrics_skip_tracking":false,"_exactmetrics_sitenote_active":false,"_exactmetrics_sitenote_note":"","_exactmetrics_sitenote_category":0},"categories":[38],"tags":[56,39,14,15,57,37,13,58],"yoast_head":"<!-- This site is optimized with the Yoast SEO plugin v17.9 - https:\/\/yoast.com\/wordpress\/plugins\/seo\/ -->\n<meta name=\"robots\" content=\"index, follow, max-snippet:-1, max-image-preview:large, max-video-preview:-1\" \/>\n<link rel=\"canonical\" href=\"https:\/\/www.ecrins-photo.fr\/blog\/2016-en-photos-de-mer\/\" \/>\n<meta property=\"og:locale\" content=\"fr_FR\" \/>\n<meta property=\"og:type\" content=\"article\" \/>\n<meta property=\"og:title\" content=\"2016 en photos de mer - L&#039;Ecrins Photo, le blog\" \/>\n<meta property=\"og:description\" content=\"2016 va bient\u00f4t tirer sa r\u00e9v\u00e9rence. Quoi de mieux que de la c\u00e9l\u00e9brer par quelques beaux moments qui ont fait cette ann\u00e9e. Et pourquoi pas commencer par la Bretagne, Bretagne de l\u00e9gende partager entre Terre et Mer. &nbsp; &nbsp; La Bretagne, c&rsquo;est aussi des bateaux, venu de toutes parts \u00e0 Brest pour f\u00eater le patrimoine [&hellip;]\" \/>\n<meta property=\"og:url\" content=\"https:\/\/www.ecrins-photo.fr\/blog\/2016-en-photos-de-mer\/\" \/>\n<meta property=\"og:site_name\" content=\"L&#039;Ecrins Photo, le blog\" \/>\n<meta property=\"article:publisher\" content=\"https:\/\/www.facebook.com\/LEcrins-Photo-photographie-362218033868644\/\" \/>\n<meta property=\"article:published_time\" content=\"2016-12-29T21:56:39+00:00\" \/>\n<meta property=\"article:modified_time\" content=\"2020-02-09T11:28:16+00:00\" \/>\n<meta property=\"og:image\" content=\"http:\/\/www.ecrins-photo.fr\/blog\/wp-content\/uploads\/2016\/12\/Z5A3512-200x200.jpg\" \/>\n<meta name=\"twitter:card\" content=\"summary\" \/>\n<meta name=\"twitter:label1\" content=\"\u00c9crit par\" \/>\n\t<meta name=\"twitter:data1\" content=\"Julien\" \/>\n<script type=\"application\/ld+json\" class=\"yoast-schema-graph\">{\n\t    \"@context\": \"https:\/\/schema.org\",\n\t    \"@graph\": [\n\t        {\n\t            \"@type\": \"WebSite\",\n\t            \"@id\": \"http:\/\/www.ecrins-photo.fr\/blog\/#website\",\n\t            \"url\": \"http:\/\/www.ecrins-photo.fr\/blog\/\",\n\t            \"name\": \"L&#039;Ecrins Photo, le blog\",\n\t            \"description\": \"Le blog de L&#039;Ecrins-Photo\",\n\t            \"potentialAction\": [\n\t                {\n\t                    \"@type\": \"SearchAction\",\n\t                    \"target\": {\n\t                        \"@type\": \"EntryPoint\",\n\t                        \"urlTemplate\": \"http:\/\/www.ecrins-photo.fr\/blog\/?s={search_term_string}\"\n\t                    },\n\t                    \"query-input\": \"required name=search_term_string\"\n\t                }\n\t            ],\n\t            \"inLanguage\": \"fr-FR\"\n\t        },\n\t        {\n\t            \"@type\": \"ImageObject\",\n\t            \"@id\": \"https:\/\/www.ecrins-photo.fr\/blog\/2016-en-photos-de-mer\/#primaryimage\",\n\t            \"inLanguage\": \"fr-FR\",\n\t            \"url\": \"\/blog\/wp-content\/uploads\/2016\/12\/Z5A3013.jpg\",\n\t            \"contentUrl\": \"\/blog\/wp-content\/uploads\/2016\/12\/Z5A3013.jpg\"\n\t        },\n\t        {\n\t            \"@type\": \"WebPage\",\n\t            \"@id\": \"https:\/\/www.ecrins-photo.fr\/blog\/2016-en-photos-de-mer\/#webpage\",\n\t            \"url\": \"https:\/\/www.ecrins-photo.fr\/blog\/2016-en-photos-de-mer\/\",\n\t            \"name\": \"2016 en photos de mer - L&#039;Ecrins Photo, le blog\",\n\t            \"isPartOf\": {\n\t                \"@id\": \"http:\/\/www.ecrins-photo.fr\/blog\/#website\"\n\t            },\n\t            \"primaryImageOfPage\": {\n\t                \"@id\": \"https:\/\/www.ecrins-photo.fr\/blog\/2016-en-photos-de-mer\/#primaryimage\"\n\t            },\n\t            \"datePublished\": \"2016-12-29T21:56:39+00:00\",\n\t            \"dateModified\": \"2020-02-09T11:28:16+00:00\",\n\t            \"author\": {\n\t                \"@id\": \"http:\/\/www.ecrins-photo.fr\/blog\/#\/schema\/person\/2bbc81449f5b460c3aef06fdb4ee5dff\"\n\t            },\n\t            \"breadcrumb\": {\n\t                \"@id\": \"https:\/\/www.ecrins-photo.fr\/blog\/2016-en-photos-de-mer\/#breadcrumb\"\n\t            },\n\t            \"inLanguage\": \"fr-FR\",\n\t            \"potentialAction\": [\n\t                {\n\t                    \"@type\": \"ReadAction\",\n\t                    \"target\": [\n\t                        \"https:\/\/www.ecrins-photo.fr\/blog\/2016-en-photos-de-mer\/\"\n\t                    ]\n\t                }\n\t            ]\n\t        },\n\t        {\n\t            \"@type\": \"BreadcrumbList\",\n\t            \"@id\": \"https:\/\/www.ecrins-photo.fr\/blog\/2016-en-photos-de-mer\/#breadcrumb\",\n\t            \"itemListElement\": [\n\t                {\n\t                    \"@type\": \"ListItem\",\n\t                    \"position\": 1,\n\t                    \"name\": \"Accueil\",\n\t                    \"item\": \"http:\/\/www.ecrins-photo.fr\/blog\/\"\n\t                },\n\t                {\n\t                    \"@type\": \"ListItem\",\n\t                    \"position\": 2,\n\t                    \"name\": \"2016 en photos de mer\"\n\t                }\n\t            ]\n\t        },\n\t        {\n\t            \"@type\": \"Person\",\n\t            \"@id\": \"http:\/\/www.ecrins-photo.fr\/blog\/#\/schema\/person\/2bbc81449f5b460c3aef06fdb4ee5dff\",\n\t            \"name\": \"Julien\",\n\t            \"image\": {\n\t                \"@type\": \"ImageObject\",\n\t                \"@id\": \"http:\/\/www.ecrins-photo.fr\/blog\/#personlogo\",\n\t                \"inLanguage\": \"fr-FR\",\n\t                \"url\": \"http:\/\/2.gravatar.com\/avatar\/bf0a415254a3097ff0def61e186455b3?s=96&d=mm&r=g\",\n\t                \"contentUrl\": \"http:\/\/2.gravatar.com\/avatar\/bf0a415254a3097ff0def61e186455b3?s=96&d=mm&r=g\",\n\t                \"caption\": \"Julien\"\n\t            },\n\t            \"sameAs\": [\n\t                \"http:\/\/www.ecrins-photo.fr\/\"\n\t            ]\n\t        }\n\t    ]\n\t}<\/script>\n<!-- \/ Yoast SEO plugin. -->","yoast_head_json":{"robots":{"index":"index","follow":"follow","max-snippet":"max-snippet:-1","max-image-preview":"max-image-preview:large","max-video-preview":"max-video-preview:-1"},"canonical":"https:\/\/www.ecrins-photo.fr\/blog\/2016-en-photos-de-mer\/","og_locale":"fr_FR","og_type":"article","og_title":"2016 en photos de mer - L&#039;Ecrins Photo, le blog","og_description":"2016 va bient\u00f4t tirer sa r\u00e9v\u00e9rence. Quoi de mieux que de la c\u00e9l\u00e9brer par quelques beaux moments qui ont fait cette ann\u00e9e. Et pourquoi pas commencer par la Bretagne, Bretagne de l\u00e9gende partager entre Terre et Mer. &nbsp; &nbsp; La Bretagne, c&rsquo;est aussi des bateaux, venu de toutes parts \u00e0 Brest pour f\u00eater le patrimoine [&hellip;]","og_url":"https:\/\/www.ecrins-photo.fr\/blog\/2016-en-photos-de-mer\/","og_site_name":"L&#039;Ecrins Photo, le blog","article_publisher":"https:\/\/www.facebook.com\/LEcrins-Photo-photographie-362218033868644\/","article_published_time":"2016-12-29T21:56:39+00:00","article_modified_time":"2020-02-09T11:28:16+00:00","og_image":[{"url":"http:\/\/www.ecrins-photo.fr\/blog\/wp-content\/uploads\/2016\/12\/Z5A3512-200x200.jpg"}],"twitter_card":"summary","twitter_misc":{"\u00c9crit par":"Julien"},"schema":{"@context":"https:\/\/schema.org","@graph":[{"@type":"WebSite","@id":"http:\/\/www.ecrins-photo.fr\/blog\/#website","url":"http:\/\/www.ecrins-photo.fr\/blog\/","name":"L&#039;Ecrins Photo, le blog","description":"Le blog de L&#039;Ecrins-Photo","potentialAction":[{"@type":"SearchAction","target":{"@type":"EntryPoint","urlTemplate":"http:\/\/www.ecrins-photo.fr\/blog\/?s={search_term_string}"},"query-input":"required name=search_term_string"}],"inLanguage":"fr-FR"},{"@type":"ImageObject","@id":"https:\/\/www.ecrins-photo.fr\/blog\/2016-en-photos-de-mer\/#primaryimage","inLanguage":"fr-FR","url":"\/blog\/wp-content\/uploads\/2016\/12\/Z5A3013.jpg","contentUrl":"\/blog\/wp-content\/uploads\/2016\/12\/Z5A3013.jpg"},{"@type":"WebPage","@id":"https:\/\/www.ecrins-photo.fr\/blog\/2016-en-photos-de-mer\/#webpage","url":"https:\/\/www.ecrins-photo.fr\/blog\/2016-en-photos-de-mer\/","name":"2016 en photos de mer - L&#039;Ecrins Photo, le blog","isPartOf":{"@id":"http:\/\/www.ecrins-photo.fr\/blog\/#website"},"primaryImageOfPage":{"@id":"https:\/\/www.ecrins-photo.fr\/blog\/2016-en-photos-de-mer\/#primaryimage"},"datePublished":"2016-12-29T21:56:39+00:00","dateModified":"2020-02-09T11:28:16+00:00","author":{"@id":"http:\/\/www.ecrins-photo.fr\/blog\/#\/schema\/person\/2bbc81449f5b460c3aef06fdb4ee5dff"},"breadcrumb":{"@id":"https:\/\/www.ecrins-photo.fr\/blog\/2016-en-photos-de-mer\/#breadcrumb"},"inLanguage":"fr-FR","potentialAction":[{"@type":"ReadAction","target":["https:\/\/www.ecrins-photo.fr\/blog\/2016-en-photos-de-mer\/"]}]},{"@type":"BreadcrumbList","@id":"https:\/\/www.ecrins-photo.fr\/blog\/2016-en-photos-de-mer\/#breadcrumb","itemListElement":[{"@type":"ListItem","position":1,"name":"Accueil","item":"http:\/\/www.ecrins-photo.fr\/blog\/"},{"@type":"ListItem","position":2,"name":"2016 en photos de mer"}]},{"@type":"Person","@id":"http:\/\/www.ecrins-photo.fr\/blog\/#\/schema\/person\/2bbc81449f5b460c3aef06fdb4ee5dff","name":"Julien","image":{"@type":"ImageObject","@id":"http:\/\/www.ecrins-photo.fr\/blog\/#personlogo","inLanguage":"fr-FR","url":"http:\/\/2.gravatar.com\/avatar\/bf0a415254a3097ff0def61e186455b3?s=96&d=mm&r=g","contentUrl":"http:\/\/2.gravatar.com\/avatar\/bf0a415254a3097ff0def61e186455b3?s=96&d=mm&r=g","caption":"Julien"},"sameAs":["http:\/\/www.ecrins-photo.fr\/"]}]}},"_links":{"self":[{"href":"http:\/\/www.ecrins-photo.fr\/blog\/wp-json\/wp\/v2\/posts\/383"}],"collection":[{"href":"http:\/\/www.ecrins-photo.fr\/blog\/wp-json\/wp\/v2\/posts"}],"about":[{"href":"http:\/\/www.ecrins-photo.fr\/blog\/wp-json\/wp\/v2\/types\/post"}],"author":[{"embeddable":true,"href":"http:\/\/www.ecrins-photo.fr\/blog\/wp-json\/wp\/v2\/users\/1"}],"replies":[{"embeddable":true,"href":"http:\/\/www.ecrins-photo.fr\/blog\/wp-json\/wp\/v2\/comments?post=383"}],"version-history":[{"count":14,"href":"http:\/\/www.ecrins-photo.fr\/blog\/wp-json\/wp\/v2\/posts\/383\/revisions"}],"predecessor-version":[{"id":404,"href":"http:\/\/www.ecrins-photo.fr\/blog\/wp-json\/wp\/v2\/posts\/383\/revisions\/404"}],"wp:attachment":[{"href":"http:\/\/www.ecrins-photo.fr\/blog\/wp-json\/wp\/v2\/media?parent=383"}],"wp:term":[{"taxonomy":"category","embeddable":true,"href":"http:\/\/www.ecrins-photo.fr\/blog\/wp-json\/wp\/v2\/categories?post=383"},{"taxonomy":"post_tag","embeddable":true,"href":"http:\/\/www.ecrins-photo.fr\/blog\/wp-json\/wp\/v2\/tags?post=383"}],"curies":[{"name":"wp","href":"https:\/\/api.w.org\/{rel}","templated":true}]}}