{"id":353,"date":"2016-07-28T21:31:11","date_gmt":"2016-07-28T20:31:11","guid":{"rendered":"http:\/\/www.ecrins-photo.fr\/blog\/?p=353"},"modified":"2020-02-09T12:27:22","modified_gmt":"2020-02-09T11:27:22","slug":"fete-maritime-de-brest-2016-feux-artifice-de-cloture","status":"publish","type":"post","link":"http:\/\/www.ecrins-photo.fr\/blog\/fete-maritime-de-brest-2016-feux-artifice-de-cloture\/","title":{"rendered":"F\u00eate maritime de Brest 2016, feux artifice de cl\u00f4ture"},"content":{"rendered":"<p>Cl\u00f4ture des quatre articles pr\u00e9vu sur les f\u00eates maritime de Brest 2016 avec le superbe feux d&rsquo;artifice.<\/p>\n<p>Dans une fraicheur enfin revenu avec le petit d\u00e9but de nuit, le feux d&rsquo;artifice de cl\u00f4ture s&rsquo;est fait attendre au son des sir\u00e8nes endiabl\u00e9 des milliers de bateau pr\u00e9sent dans le port.<\/p>\n<p>Merveilleux moment \u00ab\u00a0musical\u00a0\u00bb<\/p>\n<p>Quel plus bel \u00e9crin possible que le Belem et les mats du Santa Maria Manuela sous les artifices.<\/p>\n<pre id=\"tw-target-text\" class=\"tw-data-text vk_txt tw-ta tw-text-small\" dir=\"ltr\" data-fulltext=\"\" data-placeholder=\"Traduction\"><em><span lang=\"en\" style=\"color: #999999;\">EN : The end of the four articles for Brest maritime festival 2016 with the magnificent fireworks.\r\n\r\nIn a freshness finally returned with the small beginning of night, closing fireworks <span id=\"result_box\" class=\"\" lang=\"en\"><span class=\"\">have been waiting<\/span><\/span> in the furious sound of the sirens of thousands of present boats in the port.\r\n\r\nWonderful \"musical\" moment.\r\n\r\nWhich more beautiful postcard that Belem and matt of Santa Maria Manuela with the fireworks !<\/span><\/em><\/pre>\n<p><span id=\"tran0\"><br \/>\n<\/span><span id=\"tran3\"><\/span><\/p>\n<p><a href=\"\/blog\/wp-content\/uploads\/2016\/07\/feux-cloture5-brest2016-ecrins-photo.jpg\" rel=\"lightbox[353]\"><img loading=\"lazy\" class=\"aligncenter wp-image-360 size-full\" title=\"Le Belem, spectateur du feux artifice Brest 2016 \" src=\"\/blog\/wp-content\/uploads\/2016\/07\/feux-cloture5-brest2016-ecrins-photo.jpg\" alt=\"feux-cloture5-brest2016-ecrins-photo\" width=\"1200\" height=\"800\" srcset=\"http:\/\/www.ecrins-photo.fr\/blog\/wp-content\/uploads\/2016\/07\/feux-cloture5-brest2016-ecrins-photo.jpg 1200w, http:\/\/www.ecrins-photo.fr\/blog\/wp-content\/uploads\/2016\/07\/feux-cloture5-brest2016-ecrins-photo-700x467.jpg 700w, http:\/\/www.ecrins-photo.fr\/blog\/wp-content\/uploads\/2016\/07\/feux-cloture5-brest2016-ecrins-photo-950x633.jpg 950w\" sizes=\"(max-width: 1200px) 100vw, 1200px\" \/><\/a><\/p>\n<p><a href=\"\/blog\/wp-content\/uploads\/2016\/07\/feux-cloture9-brest2016-ecrins-photo.jpg\" rel=\"lightbox[353]\"><img loading=\"lazy\" class=\"aligncenter wp-image-362 size-full\" title=\"Feux artifice de cloture des f\u00eates de brest 2016\" src=\"\/blog\/wp-content\/uploads\/2016\/07\/feux-cloture9-brest2016-ecrins-photo.jpg\" alt=\"feux-cloture9-brest2016-ecrins-photo\" width=\"1200\" height=\"800\" srcset=\"http:\/\/www.ecrins-photo.fr\/blog\/wp-content\/uploads\/2016\/07\/feux-cloture9-brest2016-ecrins-photo.jpg 1200w, http:\/\/www.ecrins-photo.fr\/blog\/wp-content\/uploads\/2016\/07\/feux-cloture9-brest2016-ecrins-photo-700x467.jpg 700w, http:\/\/www.ecrins-photo.fr\/blog\/wp-content\/uploads\/2016\/07\/feux-cloture9-brest2016-ecrins-photo-950x633.jpg 950w\" sizes=\"(max-width: 1200px) 100vw, 1200px\" \/><\/a><\/p>\n<div id='gallery-1' class='gallery galleryid-353 gallery-columns-3 gallery-size-thumbnail'><dl class='gallery-item'>\n\t\t\t<dt class='gallery-icon landscape'>\n\t\t\t\t<a href='http:\/\/www.ecrins-photo.fr\/blog\/wp-content\/uploads\/2016\/07\/feux-cloture11-brest2016-ecrins-photo.jpg' rel=\"lightbox[353]\"><img width=\"200\" height=\"200\" src=\"http:\/\/www.ecrins-photo.fr\/blog\/wp-content\/uploads\/2016\/07\/feux-cloture11-brest2016-ecrins-photo-200x200.jpg\" class=\"attachment-thumbnail size-thumbnail\" alt=\"Feux d&#039;artifice de cl\u00f4ture des f\u00eates maritime de Brest 2016\" loading=\"lazy\" aria-describedby=\"gallery-1-364\" \/><\/a>\n\t\t\t<\/dt>\n\t\t\t\t<dd class='wp-caption-text gallery-caption' id='gallery-1-364'>\n\t\t\t\tFeux d&rsquo;artifice de cl\u00f4ture des f\u00eates maritime de Brest 2016\n\t\t\t\t<\/dd><\/dl><dl class='gallery-item'>\n\t\t\t<dt class='gallery-icon landscape'>\n\t\t\t\t<a href='http:\/\/www.ecrins-photo.fr\/blog\/wp-content\/uploads\/2016\/07\/feux-cloture14-brest2016-ecrins-photo.jpg' rel=\"lightbox[353]\"><img width=\"200\" height=\"200\" src=\"http:\/\/www.ecrins-photo.fr\/blog\/wp-content\/uploads\/2016\/07\/feux-cloture14-brest2016-ecrins-photo-200x200.jpg\" class=\"attachment-thumbnail size-thumbnail\" alt=\"Feux d&#039;artifice de cl\u00f4ture des f\u00eates maritime de Brest 2016\" loading=\"lazy\" aria-describedby=\"gallery-1-366\" \/><\/a>\n\t\t\t<\/dt>\n\t\t\t\t<dd class='wp-caption-text gallery-caption' id='gallery-1-366'>\n\t\t\t\tFeux d&rsquo;artifice de cl\u00f4ture des f\u00eates maritime de Brest 2016\n\t\t\t\t<\/dd><\/dl><dl class='gallery-item'>\n\t\t\t<dt class='gallery-icon landscape'>\n\t\t\t\t<a href='http:\/\/www.ecrins-photo.fr\/blog\/wp-content\/uploads\/2016\/07\/feux-cloture15-brest2016-ecrins-photo.jpg' rel=\"lightbox[353]\"><img width=\"200\" height=\"200\" src=\"http:\/\/www.ecrins-photo.fr\/blog\/wp-content\/uploads\/2016\/07\/feux-cloture15-brest2016-ecrins-photo-200x200.jpg\" class=\"attachment-thumbnail size-thumbnail\" alt=\"Feux d&#039;artifice de cl\u00f4ture des f\u00eates maritime de Brest 2016\" loading=\"lazy\" aria-describedby=\"gallery-1-357\" \/><\/a>\n\t\t\t<\/dt>\n\t\t\t\t<dd class='wp-caption-text gallery-caption' id='gallery-1-357'>\n\t\t\t\tFeux d&rsquo;artifice de cl\u00f4ture des f\u00eates maritime de Brest 2016\n\t\t\t\t<\/dd><\/dl><br style=\"clear: both\" \/>\n\t\t<\/div>\n\n<p>Le grand final explosif<\/p>\n<pre id=\"tw-target-text\" class=\"tw-data-text vk_txt tw-ta tw-text-small\" dir=\"ltr\" data-fulltext=\"\" data-placeholder=\"Traduction\"><em><span lang=\"en\" style=\"color: #999999;\">EN : <span id=\"result_box\" class=\"short_text\" lang=\"en\">The high explosive <span class=\"\">final<\/span><\/span>\r\n<\/span><\/em><\/pre>\n<p><a href=\"\/blog\/wp-content\/uploads\/2016\/07\/ecrins-photo.jpg\" rel=\"lightbox[353]\"><img loading=\"lazy\" class=\"aligncenter wp-image-359 size-full\" title=\"Final du feux d'artifice de cloture des f\u00eates de brest 2016\" src=\"\/blog\/wp-content\/uploads\/2016\/07\/ecrins-photo.jpg\" alt=\"Final du feux d'artifice de cloture des f\u00eates de brest 2016\" width=\"1200\" height=\"800\" srcset=\"http:\/\/www.ecrins-photo.fr\/blog\/wp-content\/uploads\/2016\/07\/ecrins-photo.jpg 1200w, http:\/\/www.ecrins-photo.fr\/blog\/wp-content\/uploads\/2016\/07\/ecrins-photo-700x467.jpg 700w, http:\/\/www.ecrins-photo.fr\/blog\/wp-content\/uploads\/2016\/07\/ecrins-photo-950x633.jpg 950w\" sizes=\"(max-width: 1200px) 100vw, 1200px\" \/><\/a><\/p>\n<p>&nbsp;<\/p>\n<p>Un tr\u00e8s beau moment artificier<\/p>\n<p>Merci aux organisateurs des f\u00eates maritime de Brest pour cette sublime \u00e9dition.<\/p>\n<p>Vivement 2020 pour une nouvelle \u00e9dition&#8230;<\/p>\n<pre id=\"tw-target-text\" class=\"tw-data-text vk_txt tw-ta tw-text-small\" dir=\"ltr\" data-fulltext=\"\" data-placeholder=\"Traduction\"><em><span lang=\"en\" style=\"color: #999999;\">EN : <span id=\"result_box\" class=\"short_text\" lang=\"en\"><span class=\"\">A very beautiful pyrotehcnic moments\r\n\r\nThanks to the organizers of the Brest maritime festival for this sublime edition.\r\n\r\nDeeply 2020 for a new edition...<\/span><\/span><\/span><\/em><\/pre>\n<p>&nbsp;<\/p>\n","protected":false},"excerpt":{"rendered":"<p>Cl\u00f4ture des quatre articles pr\u00e9vu sur les f\u00eates maritime de Brest 2016 avec le superbe feux d&rsquo;artifice. Dans une fraicheur enfin revenu avec le petit d\u00e9but de nuit, le feux d&rsquo;artifice de cl\u00f4ture s&rsquo;est fait attendre au son des sir\u00e8nes endiabl\u00e9 des milliers de bateau pr\u00e9sent dans le port. Merveilleux moment \u00ab\u00a0musical\u00a0\u00bb Quel plus bel [&hellip;]<\/p>\n","protected":false},"author":1,"featured_media":0,"comment_status":"open","ping_status":"open","sticky":false,"template":"","format":"standard","meta":{"_exactmetrics_skip_tracking":false,"_exactmetrics_sitenote_active":false,"_exactmetrics_sitenote_note":"","_exactmetrics_sitenote_category":0},"categories":[131],"tags":[41,48,39,14,49,4,15,13,40],"yoast_head":"<!-- This site is optimized with the Yoast SEO plugin v17.9 - https:\/\/yoast.com\/wordpress\/plugins\/seo\/ -->\n<meta name=\"description\" content=\"Les f\u00eates de Brest, c&#039;est aussi deux superbes feux d&#039;artifice. Les gr\u00e9ements des majestueux bateaux jouent avec les artifices un tableau riche en couleur.\" \/>\n<meta name=\"robots\" content=\"index, follow, max-snippet:-1, max-image-preview:large, max-video-preview:-1\" \/>\n<link rel=\"canonical\" href=\"https:\/\/www.ecrins-photo.fr\/blog\/fete-maritime-de-brest-2016-feux-artifice-de-cloture\/\" \/>\n<meta property=\"og:locale\" content=\"fr_FR\" \/>\n<meta property=\"og:type\" content=\"article\" \/>\n<meta property=\"og:title\" content=\"F\u00eate maritime de Brest 2016, feux artifice de cl\u00f4ture - L&#039;Ecrins Photo, le blog\" \/>\n<meta property=\"og:description\" content=\"Les f\u00eates de Brest, c&#039;est aussi deux superbes feux d&#039;artifice. Les gr\u00e9ements des majestueux bateaux jouent avec les artifices un tableau riche en couleur.\" \/>\n<meta property=\"og:url\" content=\"https:\/\/www.ecrins-photo.fr\/blog\/fete-maritime-de-brest-2016-feux-artifice-de-cloture\/\" \/>\n<meta property=\"og:site_name\" content=\"L&#039;Ecrins Photo, le blog\" \/>\n<meta property=\"article:publisher\" content=\"https:\/\/www.facebook.com\/LEcrins-Photo-photographie-362218033868644\/\" \/>\n<meta property=\"article:published_time\" content=\"2016-07-28T20:31:11+00:00\" \/>\n<meta property=\"article:modified_time\" content=\"2020-02-09T11:27:22+00:00\" \/>\n<meta property=\"og:image\" content=\"https:\/\/www.ecrins-photo.fr\/blog\/wp-content\/uploads\/2016\/07\/feux-cloture11-brest2016-ecrins-photo-200x200.jpg\" \/>\n<meta name=\"twitter:card\" content=\"summary\" \/>\n<meta name=\"twitter:label1\" content=\"\u00c9crit par\" \/>\n\t<meta name=\"twitter:data1\" content=\"Julien\" \/>\n\t<meta name=\"twitter:label2\" content=\"Dur\u00e9e de lecture estim\u00e9e\" \/>\n\t<meta name=\"twitter:data2\" content=\"1 minute\" \/>\n<script type=\"application\/ld+json\" class=\"yoast-schema-graph\">{\n\t    \"@context\": \"https:\/\/schema.org\",\n\t    \"@graph\": [\n\t        {\n\t            \"@type\": \"WebSite\",\n\t            \"@id\": \"http:\/\/www.ecrins-photo.fr\/blog\/#website\",\n\t            \"url\": \"http:\/\/www.ecrins-photo.fr\/blog\/\",\n\t            \"name\": \"L&#039;Ecrins Photo, le blog\",\n\t            \"description\": \"Le blog de L&#039;Ecrins-Photo\",\n\t            \"potentialAction\": [\n\t                {\n\t                    \"@type\": \"SearchAction\",\n\t                    \"target\": {\n\t                        \"@type\": \"EntryPoint\",\n\t                        \"urlTemplate\": \"http:\/\/www.ecrins-photo.fr\/blog\/?s={search_term_string}\"\n\t                    },\n\t                    \"query-input\": \"required name=search_term_string\"\n\t                }\n\t            ],\n\t            \"inLanguage\": \"fr-FR\"\n\t        },\n\t        {\n\t            \"@type\": \"ImageObject\",\n\t            \"@id\": \"https:\/\/www.ecrins-photo.fr\/blog\/fete-maritime-de-brest-2016-feux-artifice-de-cloture\/#primaryimage\",\n\t            \"inLanguage\": \"fr-FR\",\n\t            \"url\": \"\/blog\/wp-content\/uploads\/2016\/07\/feux-cloture5-brest2016-ecrins-photo.jpg\",\n\t            \"contentUrl\": \"\/blog\/wp-content\/uploads\/2016\/07\/feux-cloture5-brest2016-ecrins-photo.jpg\"\n\t        },\n\t        {\n\t            \"@type\": \"WebPage\",\n\t            \"@id\": \"https:\/\/www.ecrins-photo.fr\/blog\/fete-maritime-de-brest-2016-feux-artifice-de-cloture\/#webpage\",\n\t            \"url\": \"https:\/\/www.ecrins-photo.fr\/blog\/fete-maritime-de-brest-2016-feux-artifice-de-cloture\/\",\n\t            \"name\": \"F\\u00eate maritime de Brest 2016, feux artifice de cl\\u00f4ture - L&#039;Ecrins Photo, le blog\",\n\t            \"isPartOf\": {\n\t                \"@id\": \"http:\/\/www.ecrins-photo.fr\/blog\/#website\"\n\t            },\n\t            \"primaryImageOfPage\": {\n\t                \"@id\": \"https:\/\/www.ecrins-photo.fr\/blog\/fete-maritime-de-brest-2016-feux-artifice-de-cloture\/#primaryimage\"\n\t            },\n\t            \"datePublished\": \"2016-07-28T20:31:11+00:00\",\n\t            \"dateModified\": \"2020-02-09T11:27:22+00:00\",\n\t            \"author\": {\n\t                \"@id\": \"http:\/\/www.ecrins-photo.fr\/blog\/#\/schema\/person\/2bbc81449f5b460c3aef06fdb4ee5dff\"\n\t            },\n\t            \"description\": \"Les f\\u00eates de Brest, c'est aussi deux superbes feux d'artifice. Les gr\\u00e9ements des majestueux bateaux jouent avec les artifices un tableau riche en couleur.\",\n\t            \"breadcrumb\": {\n\t                \"@id\": \"https:\/\/www.ecrins-photo.fr\/blog\/fete-maritime-de-brest-2016-feux-artifice-de-cloture\/#breadcrumb\"\n\t            },\n\t            \"inLanguage\": \"fr-FR\",\n\t            \"potentialAction\": [\n\t                {\n\t                    \"@type\": \"ReadAction\",\n\t                    \"target\": [\n\t                        \"https:\/\/www.ecrins-photo.fr\/blog\/fete-maritime-de-brest-2016-feux-artifice-de-cloture\/\"\n\t                    ]\n\t                }\n\t            ]\n\t        },\n\t        {\n\t            \"@type\": \"BreadcrumbList\",\n\t            \"@id\": \"https:\/\/www.ecrins-photo.fr\/blog\/fete-maritime-de-brest-2016-feux-artifice-de-cloture\/#breadcrumb\",\n\t            \"itemListElement\": [\n\t                {\n\t                    \"@type\": \"ListItem\",\n\t                    \"position\": 1,\n\t                    \"name\": \"Accueil\",\n\t                    \"item\": \"http:\/\/www.ecrins-photo.fr\/blog\/\"\n\t                },\n\t                {\n\t                    \"@type\": \"ListItem\",\n\t                    \"position\": 2,\n\t                    \"name\": \"F\\u00eate maritime de Brest 2016, feux artifice de cl\\u00f4ture\"\n\t                }\n\t            ]\n\t        },\n\t        {\n\t            \"@type\": \"Person\",\n\t            \"@id\": \"http:\/\/www.ecrins-photo.fr\/blog\/#\/schema\/person\/2bbc81449f5b460c3aef06fdb4ee5dff\",\n\t            \"name\": \"Julien\",\n\t            \"image\": {\n\t                \"@type\": \"ImageObject\",\n\t                \"@id\": \"http:\/\/www.ecrins-photo.fr\/blog\/#personlogo\",\n\t                \"inLanguage\": \"fr-FR\",\n\t                \"url\": \"http:\/\/2.gravatar.com\/avatar\/bf0a415254a3097ff0def61e186455b3?s=96&d=mm&r=g\",\n\t                \"contentUrl\": \"http:\/\/2.gravatar.com\/avatar\/bf0a415254a3097ff0def61e186455b3?s=96&d=mm&r=g\",\n\t                \"caption\": \"Julien\"\n\t            },\n\t            \"sameAs\": [\n\t                \"http:\/\/www.ecrins-photo.fr\/\"\n\t            ]\n\t        }\n\t    ]\n\t}<\/script>\n<!-- \/ Yoast SEO plugin. -->","yoast_head_json":{"description":"Les f\u00eates de Brest, c'est aussi deux superbes feux d'artifice. Les gr\u00e9ements des majestueux bateaux jouent avec les artifices un tableau riche en couleur.","robots":{"index":"index","follow":"follow","max-snippet":"max-snippet:-1","max-image-preview":"max-image-preview:large","max-video-preview":"max-video-preview:-1"},"canonical":"https:\/\/www.ecrins-photo.fr\/blog\/fete-maritime-de-brest-2016-feux-artifice-de-cloture\/","og_locale":"fr_FR","og_type":"article","og_title":"F\u00eate maritime de Brest 2016, feux artifice de cl\u00f4ture - L&#039;Ecrins Photo, le blog","og_description":"Les f\u00eates de Brest, c'est aussi deux superbes feux d'artifice. Les gr\u00e9ements des majestueux bateaux jouent avec les artifices un tableau riche en couleur.","og_url":"https:\/\/www.ecrins-photo.fr\/blog\/fete-maritime-de-brest-2016-feux-artifice-de-cloture\/","og_site_name":"L&#039;Ecrins Photo, le blog","article_publisher":"https:\/\/www.facebook.com\/LEcrins-Photo-photographie-362218033868644\/","article_published_time":"2016-07-28T20:31:11+00:00","article_modified_time":"2020-02-09T11:27:22+00:00","og_image":[{"url":"https:\/\/www.ecrins-photo.fr\/blog\/wp-content\/uploads\/2016\/07\/feux-cloture11-brest2016-ecrins-photo-200x200.jpg"}],"twitter_card":"summary","twitter_misc":{"\u00c9crit par":"Julien","Dur\u00e9e de lecture estim\u00e9e":"1 minute"},"schema":{"@context":"https:\/\/schema.org","@graph":[{"@type":"WebSite","@id":"http:\/\/www.ecrins-photo.fr\/blog\/#website","url":"http:\/\/www.ecrins-photo.fr\/blog\/","name":"L&#039;Ecrins Photo, le blog","description":"Le blog de L&#039;Ecrins-Photo","potentialAction":[{"@type":"SearchAction","target":{"@type":"EntryPoint","urlTemplate":"http:\/\/www.ecrins-photo.fr\/blog\/?s={search_term_string}"},"query-input":"required name=search_term_string"}],"inLanguage":"fr-FR"},{"@type":"ImageObject","@id":"https:\/\/www.ecrins-photo.fr\/blog\/fete-maritime-de-brest-2016-feux-artifice-de-cloture\/#primaryimage","inLanguage":"fr-FR","url":"\/blog\/wp-content\/uploads\/2016\/07\/feux-cloture5-brest2016-ecrins-photo.jpg","contentUrl":"\/blog\/wp-content\/uploads\/2016\/07\/feux-cloture5-brest2016-ecrins-photo.jpg"},{"@type":"WebPage","@id":"https:\/\/www.ecrins-photo.fr\/blog\/fete-maritime-de-brest-2016-feux-artifice-de-cloture\/#webpage","url":"https:\/\/www.ecrins-photo.fr\/blog\/fete-maritime-de-brest-2016-feux-artifice-de-cloture\/","name":"F\u00eate maritime de Brest 2016, feux artifice de cl\u00f4ture - L&#039;Ecrins Photo, le blog","isPartOf":{"@id":"http:\/\/www.ecrins-photo.fr\/blog\/#website"},"primaryImageOfPage":{"@id":"https:\/\/www.ecrins-photo.fr\/blog\/fete-maritime-de-brest-2016-feux-artifice-de-cloture\/#primaryimage"},"datePublished":"2016-07-28T20:31:11+00:00","dateModified":"2020-02-09T11:27:22+00:00","author":{"@id":"http:\/\/www.ecrins-photo.fr\/blog\/#\/schema\/person\/2bbc81449f5b460c3aef06fdb4ee5dff"},"description":"Les f\u00eates de Brest, c'est aussi deux superbes feux d'artifice. Les gr\u00e9ements des majestueux bateaux jouent avec les artifices un tableau riche en couleur.","breadcrumb":{"@id":"https:\/\/www.ecrins-photo.fr\/blog\/fete-maritime-de-brest-2016-feux-artifice-de-cloture\/#breadcrumb"},"inLanguage":"fr-FR","potentialAction":[{"@type":"ReadAction","target":["https:\/\/www.ecrins-photo.fr\/blog\/fete-maritime-de-brest-2016-feux-artifice-de-cloture\/"]}]},{"@type":"BreadcrumbList","@id":"https:\/\/www.ecrins-photo.fr\/blog\/fete-maritime-de-brest-2016-feux-artifice-de-cloture\/#breadcrumb","itemListElement":[{"@type":"ListItem","position":1,"name":"Accueil","item":"http:\/\/www.ecrins-photo.fr\/blog\/"},{"@type":"ListItem","position":2,"name":"F\u00eate maritime de Brest 2016, feux artifice de cl\u00f4ture"}]},{"@type":"Person","@id":"http:\/\/www.ecrins-photo.fr\/blog\/#\/schema\/person\/2bbc81449f5b460c3aef06fdb4ee5dff","name":"Julien","image":{"@type":"ImageObject","@id":"http:\/\/www.ecrins-photo.fr\/blog\/#personlogo","inLanguage":"fr-FR","url":"http:\/\/2.gravatar.com\/avatar\/bf0a415254a3097ff0def61e186455b3?s=96&d=mm&r=g","contentUrl":"http:\/\/2.gravatar.com\/avatar\/bf0a415254a3097ff0def61e186455b3?s=96&d=mm&r=g","caption":"Julien"},"sameAs":["http:\/\/www.ecrins-photo.fr\/"]}]}},"_links":{"self":[{"href":"http:\/\/www.ecrins-photo.fr\/blog\/wp-json\/wp\/v2\/posts\/353"}],"collection":[{"href":"http:\/\/www.ecrins-photo.fr\/blog\/wp-json\/wp\/v2\/posts"}],"about":[{"href":"http:\/\/www.ecrins-photo.fr\/blog\/wp-json\/wp\/v2\/types\/post"}],"author":[{"embeddable":true,"href":"http:\/\/www.ecrins-photo.fr\/blog\/wp-json\/wp\/v2\/users\/1"}],"replies":[{"embeddable":true,"href":"http:\/\/www.ecrins-photo.fr\/blog\/wp-json\/wp\/v2\/comments?post=353"}],"version-history":[{"count":7,"href":"http:\/\/www.ecrins-photo.fr\/blog\/wp-json\/wp\/v2\/posts\/353\/revisions"}],"predecessor-version":[{"id":412,"href":"http:\/\/www.ecrins-photo.fr\/blog\/wp-json\/wp\/v2\/posts\/353\/revisions\/412"}],"wp:attachment":[{"href":"http:\/\/www.ecrins-photo.fr\/blog\/wp-json\/wp\/v2\/media?parent=353"}],"wp:term":[{"taxonomy":"category","embeddable":true,"href":"http:\/\/www.ecrins-photo.fr\/blog\/wp-json\/wp\/v2\/categories?post=353"},{"taxonomy":"post_tag","embeddable":true,"href":"http:\/\/www.ecrins-photo.fr\/blog\/wp-json\/wp\/v2\/tags?post=353"}],"curies":[{"name":"wp","href":"https:\/\/api.w.org\/{rel}","templated":true}]}}