{"id":319,"date":"2016-07-26T18:55:01","date_gmt":"2016-07-26T17:55:01","guid":{"rendered":"http:\/\/www.ecrins-photo.fr\/blog\/?p=319"},"modified":"2020-02-09T12:27:17","modified_gmt":"2020-02-09T11:27:17","slug":"fete-maritime-de-brest-2016-la-grande-parade","status":"publish","type":"post","link":"http:\/\/www.ecrins-photo.fr\/blog\/fete-maritime-de-brest-2016-la-grande-parade\/","title":{"rendered":"F\u00eate maritime de Brest 2016, la grande parade"},"content":{"rendered":"<p>Cl\u00f4ture des f\u00eates maritime de Brest 2016 le 19 juillet par la grande parade.<\/p>\n<p>En l&rsquo;espace d&rsquo;une matin\u00e9e, pr\u00e8s de 1000 bateaux quitt\u00e8rent le port de Brest pour parader dans le goulet de Brest avant de traverser les Tas de Pois de la Pointe de Penn Hir et rejoindre Douarnenez.<\/p>\n<pre id=\"tw-target-text\" class=\"tw-data-text vk_txt tw-ta tw-text-small\" dir=\"ltr\" data-fulltext=\"\" data-placeholder=\"Traduction\"><em><span lang=\"en\" style=\"color: #999999;\">EN : <span id=\"result_box\" class=\"\" lang=\"en\" tabindex=\"-1\">Closing of <span class=\"\">maritime<\/span> festivals of Brest 2016 by the parade.\r\n\r\nIn the space of <span class=\"\">a morning<\/span>, nearly 1,000 ships sailed from Brest to parade in the Narrows of <span class=\"\">Brest<\/span> <span class=\"\">before crossing<\/span> the tip of the Tas de Pois Penn Hir and join Douarnenez<\/span><\/span><\/em><\/pre>\n<p><a href=\"\/blog\/wp-content\/uploads\/2016\/07\/grande-parade3-brest2016-ecrins-photo.jpg\" rel=\"lightbox[319]\"><img loading=\"lazy\" class=\"aligncenter wp-image-339 size-full\" title=\"Les bateaux quittent la rade de Brest\" src=\"\/blog\/wp-content\/uploads\/2016\/07\/grande-parade3-brest2016-ecrins-photo.jpg\" alt=\"Les bateaux quittent la rade de Brest\" width=\"950\" height=\"633\" srcset=\"http:\/\/www.ecrins-photo.fr\/blog\/wp-content\/uploads\/2016\/07\/grande-parade3-brest2016-ecrins-photo.jpg 950w, http:\/\/www.ecrins-photo.fr\/blog\/wp-content\/uploads\/2016\/07\/grande-parade3-brest2016-ecrins-photo-700x466.jpg 700w\" sizes=\"(max-width: 950px) 100vw, 950px\" \/><\/a><\/p>\n<p>Un instant magique \u00e0 voir, depuis la terre, ou depuis la mer !<\/p>\n<pre id=\"tw-target-text\" class=\"tw-data-text vk_txt tw-ta tw-text-small\" dir=\"ltr\" data-fulltext=\"\" data-placeholder=\"Traduction\"><em><span lang=\"en\" style=\"color: #999999;\">EN : <span id=\"result_box\" class=\"\" lang=\"en\" tabindex=\"-1\"><span id=\"result_box\" class=\"short_text\" lang=\"en\" tabindex=\"-1\">A magical moment to see <span class=\"\">from land<\/span> or from the sea!<\/span><\/span><\/span><\/em><\/pre>\n<div id='gallery-1' class='gallery galleryid-319 gallery-columns-3 gallery-size-thumbnail'><dl class='gallery-item'>\n\t\t\t<dt class='gallery-icon landscape'>\n\t\t\t\t<a href='http:\/\/www.ecrins-photo.fr\/blog\/wp-content\/uploads\/2016\/07\/grande-parade-brest2016-ecrins-photo.jpg' rel=\"lightbox[319]\"><img width=\"200\" height=\"200\" src=\"http:\/\/www.ecrins-photo.fr\/blog\/wp-content\/uploads\/2016\/07\/grande-parade-brest2016-ecrins-photo-200x200.jpg\" class=\"attachment-thumbnail size-thumbnail\" alt=\"Du vieux gr\u00e9ement de p\u00eache au navire de la Navire, tous de sortis pour la grande parade.\" loading=\"lazy\" aria-describedby=\"gallery-1-347\" \/><\/a>\n\t\t\t<\/dt>\n\t\t\t\t<dd class='wp-caption-text gallery-caption' id='gallery-1-347'>\n\t\t\t\tDu vieux gr\u00e9ement de p\u00eache au navire de la Navire, tous de sortis pour la grande parade.\n\t\t\t\t<\/dd><\/dl><dl class='gallery-item'>\n\t\t\t<dt class='gallery-icon landscape'>\n\t\t\t\t<a href='http:\/\/www.ecrins-photo.fr\/blog\/wp-content\/uploads\/2016\/07\/grande-parade10-brest2016-ecrins-photo.jpg' rel=\"lightbox[319]\"><img width=\"200\" height=\"200\" src=\"http:\/\/www.ecrins-photo.fr\/blog\/wp-content\/uploads\/2016\/07\/grande-parade10-brest2016-ecrins-photo-200x200.jpg\" class=\"attachment-thumbnail size-thumbnail\" alt=\"A l&#039;assault du Goulet de Brest\" loading=\"lazy\" aria-describedby=\"gallery-1-326\" \/><\/a>\n\t\t\t<\/dt>\n\t\t\t\t<dd class='wp-caption-text gallery-caption' id='gallery-1-326'>\n\t\t\t\tA l&rsquo;assault du Goulet de Brest\n\t\t\t\t<\/dd><\/dl><dl class='gallery-item'>\n\t\t\t<dt class='gallery-icon portrait'>\n\t\t\t\t<a href='http:\/\/www.ecrins-photo.fr\/blog\/wp-content\/uploads\/2016\/07\/grande-parade2-brest2016-ecrins-photo.jpg' rel=\"lightbox[319]\"><img width=\"200\" height=\"200\" src=\"http:\/\/www.ecrins-photo.fr\/blog\/wp-content\/uploads\/2016\/07\/grande-parade2-brest2016-ecrins-photo-200x200.jpg\" class=\"attachment-thumbnail size-thumbnail\" alt=\"A bord du Gulden Leeuw\" loading=\"lazy\" \/><\/a>\n\t\t\t<\/dt><\/dl><br style=\"clear: both\" \/><dl class='gallery-item'>\n\t\t\t<dt class='gallery-icon landscape'>\n\t\t\t\t<a href='http:\/\/www.ecrins-photo.fr\/blog\/wp-content\/uploads\/2016\/07\/grande-parade4-brest2016-ecrins-photo.jpg' rel=\"lightbox[319]\"><img width=\"200\" height=\"200\" src=\"http:\/\/www.ecrins-photo.fr\/blog\/wp-content\/uploads\/2016\/07\/grande-parade4-brest2016-ecrins-photo-200x200.jpg\" class=\"attachment-thumbnail size-thumbnail\" alt=\"Le Renard dans le goulet\" loading=\"lazy\" aria-describedby=\"gallery-1-320\" \/><\/a>\n\t\t\t<\/dt>\n\t\t\t\t<dd class='wp-caption-text gallery-caption' id='gallery-1-320'>\n\t\t\t\tLe Renard dans le goulet\n\t\t\t\t<\/dd><\/dl><dl class='gallery-item'>\n\t\t\t<dt class='gallery-icon landscape'>\n\t\t\t\t<a href='http:\/\/www.ecrins-photo.fr\/blog\/wp-content\/uploads\/2016\/07\/thalassa-grande-parade-brest2016-ecrins-photo.jpg' rel=\"lightbox[319]\"><img width=\"200\" height=\"200\" src=\"http:\/\/www.ecrins-photo.fr\/blog\/wp-content\/uploads\/2016\/07\/thalassa-grande-parade-brest2016-ecrins-photo-200x200.jpg\" class=\"attachment-thumbnail size-thumbnail\" alt=\"Le Thalassa sous voile\" loading=\"lazy\" aria-describedby=\"gallery-1-333\" \/><\/a>\n\t\t\t<\/dt>\n\t\t\t\t<dd class='wp-caption-text gallery-caption' id='gallery-1-333'>\n\t\t\t\tLe Thalassa sous voile\n\t\t\t\t<\/dd><\/dl><dl class='gallery-item'>\n\t\t\t<dt class='gallery-icon portrait'>\n\t\t\t\t<a href='http:\/\/www.ecrins-photo.fr\/blog\/wp-content\/uploads\/2016\/07\/avatar-grande-parade-brest2016-ecrins-photo.jpg' rel=\"lightbox[319]\"><img width=\"200\" height=\"200\" src=\"http:\/\/www.ecrins-photo.fr\/blog\/wp-content\/uploads\/2016\/07\/avatar-grande-parade-brest2016-ecrins-photo-200x200.jpg\" class=\"attachment-thumbnail size-thumbnail\" alt=\"L&#039;Avatar sous voile\" loading=\"lazy\" aria-describedby=\"gallery-1-335\" \/><\/a>\n\t\t\t<\/dt>\n\t\t\t\t<dd class='wp-caption-text gallery-caption' id='gallery-1-335'>\n\t\t\t\tL&rsquo;Avatar sous voile\n\t\t\t\t<\/dd><\/dl><br style=\"clear: both\" \/><dl class='gallery-item'>\n\t\t\t<dt class='gallery-icon landscape'>\n\t\t\t\t<a href='http:\/\/www.ecrins-photo.fr\/blog\/wp-content\/uploads\/2016\/07\/biche-grande-parade-brest2016-ecrins-photo.jpg' rel=\"lightbox[319]\"><img width=\"200\" height=\"200\" src=\"http:\/\/www.ecrins-photo.fr\/blog\/wp-content\/uploads\/2016\/07\/biche-grande-parade-brest2016-ecrins-photo-200x200.jpg\" class=\"attachment-thumbnail size-thumbnail\" alt=\"Le thonier dund\u00e9e de Groix Biche\" loading=\"lazy\" aria-describedby=\"gallery-1-336\" \/><\/a>\n\t\t\t<\/dt>\n\t\t\t\t<dd class='wp-caption-text gallery-caption' id='gallery-1-336'>\n\t\t\t\tLe thonier dund\u00e9e de Groix Biche\n\t\t\t\t<\/dd><\/dl><dl class='gallery-item'>\n\t\t\t<dt class='gallery-icon landscape'>\n\t\t\t\t<a href='http:\/\/www.ecrins-photo.fr\/blog\/wp-content\/uploads\/2016\/07\/ernestine-grande-parade-brest2016-ecrins-photo.jpg' rel=\"lightbox[319]\"><img width=\"200\" height=\"200\" src=\"http:\/\/www.ecrins-photo.fr\/blog\/wp-content\/uploads\/2016\/07\/ernestine-grande-parade-brest2016-ecrins-photo-200x200.jpg\" class=\"attachment-thumbnail size-thumbnail\" alt=\"L&#039;Ernestine devant les Tas de Pois\" loading=\"lazy\" aria-describedby=\"gallery-1-338\" \/><\/a>\n\t\t\t<\/dt>\n\t\t\t\t<dd class='wp-caption-text gallery-caption' id='gallery-1-338'>\n\t\t\t\tL&rsquo;Ernestine devant les Tas de Pois\n\t\t\t\t<\/dd><\/dl><dl class='gallery-item'>\n\t\t\t<dt class='gallery-icon landscape'>\n\t\t\t\t<a href='http:\/\/www.ecrins-photo.fr\/blog\/wp-content\/uploads\/2016\/07\/regina-maris-brest2016-ecrins-photo.jpg' rel=\"lightbox[319]\"><img width=\"200\" height=\"200\" src=\"http:\/\/www.ecrins-photo.fr\/blog\/wp-content\/uploads\/2016\/07\/regina-maris-brest2016-ecrins-photo-200x200.jpg\" class=\"attachment-thumbnail size-thumbnail\" alt=\"Regina Maris\" loading=\"lazy\" aria-describedby=\"gallery-1-330\" srcset=\"http:\/\/www.ecrins-photo.fr\/blog\/wp-content\/uploads\/2016\/07\/regina-maris-brest2016-ecrins-photo-200x200.jpg 200w, http:\/\/www.ecrins-photo.fr\/blog\/wp-content\/uploads\/2016\/07\/regina-maris-brest2016-ecrins-photo-500x500.jpg 500w, http:\/\/www.ecrins-photo.fr\/blog\/wp-content\/uploads\/2016\/07\/regina-maris-brest2016-ecrins-photo-750x750.jpg 750w, http:\/\/www.ecrins-photo.fr\/blog\/wp-content\/uploads\/2016\/07\/regina-maris-brest2016-ecrins-photo.jpg 800w\" sizes=\"(max-width: 200px) 100vw, 200px\" \/><\/a>\n\t\t\t<\/dt>\n\t\t\t\t<dd class='wp-caption-text gallery-caption' id='gallery-1-330'>\n\t\t\t\tRegina Maris\n\t\t\t\t<\/dd><\/dl><br style=\"clear: both\" \/><dl class='gallery-item'>\n\t\t\t<dt class='gallery-icon portrait'>\n\t\t\t\t<a href='http:\/\/www.ecrins-photo.fr\/blog\/wp-content\/uploads\/2016\/07\/renard-grande-parade-brest2016-ecrins-photo.jpg' rel=\"lightbox[319]\"><img width=\"200\" height=\"200\" src=\"http:\/\/www.ecrins-photo.fr\/blog\/wp-content\/uploads\/2016\/07\/renard-grande-parade-brest2016-ecrins-photo-200x200.jpg\" class=\"attachment-thumbnail size-thumbnail\" alt=\"Le Renard dans le Goulet de Brest\" loading=\"lazy\" aria-describedby=\"gallery-1-331\" \/><\/a>\n\t\t\t<\/dt>\n\t\t\t\t<dd class='wp-caption-text gallery-caption' id='gallery-1-331'>\n\t\t\t\tLe Renard dans le Goulet de Brest\n\t\t\t\t<\/dd><\/dl><dl class='gallery-item'>\n\t\t\t<dt class='gallery-icon landscape'>\n\t\t\t\t<a href='http:\/\/www.ecrins-photo.fr\/blog\/wp-content\/uploads\/2016\/07\/rumengol-grande-parade-brest2016-ecrins-photo.jpg' rel=\"lightbox[319]\"><img width=\"200\" height=\"200\" src=\"http:\/\/www.ecrins-photo.fr\/blog\/wp-content\/uploads\/2016\/07\/rumengol-grande-parade-brest2016-ecrins-photo-200x200.jpg\" class=\"attachment-thumbnail size-thumbnail\" alt=\"Notre Dame de Rumengol\" loading=\"lazy\" aria-describedby=\"gallery-1-332\" \/><\/a>\n\t\t\t<\/dt>\n\t\t\t\t<dd class='wp-caption-text gallery-caption' id='gallery-1-332'>\n\t\t\t\tNotre Dame de Rumengol\n\t\t\t\t<\/dd><\/dl><dl class='gallery-item'>\n\t\t\t<dt class='gallery-icon landscape'>\n\t\t\t\t<a href='http:\/\/www.ecrins-photo.fr\/blog\/wp-content\/uploads\/2016\/07\/marise-grande-parade-brest2016-ecrins-photo.jpg' rel=\"lightbox[319]\"><img width=\"200\" height=\"200\" src=\"http:\/\/www.ecrins-photo.fr\/blog\/wp-content\/uploads\/2016\/07\/marise-grande-parade-brest2016-ecrins-photo-200x200.jpg\" class=\"attachment-thumbnail size-thumbnail\" alt=\"Le Marit\u00e9 lors de la grande parade.\" loading=\"lazy\" aria-describedby=\"gallery-1-350\" \/><\/a>\n\t\t\t<\/dt>\n\t\t\t\t<dd class='wp-caption-text gallery-caption' id='gallery-1-350'>\n\t\t\t\tLe Marit\u00e9 lors de la grande parade.\n\t\t\t\t<\/dd><\/dl><br style=\"clear: both\" \/><dl class='gallery-item'>\n\t\t\t<dt class='gallery-icon portrait'>\n\t\t\t\t<a href='http:\/\/www.ecrins-photo.fr\/blog\/wp-content\/uploads\/2016\/07\/recouvrance-grande-parade-brest2016-ecrins-photo.jpg' rel=\"lightbox[319]\"><img width=\"200\" height=\"200\" src=\"http:\/\/www.ecrins-photo.fr\/blog\/wp-content\/uploads\/2016\/07\/recouvrance-grande-parade-brest2016-ecrins-photo-200x200.jpg\" class=\"attachment-thumbnail size-thumbnail\" alt=\"Recouvrance dans le Goulet de Brest\" loading=\"lazy\" aria-describedby=\"gallery-1-329\" \/><\/a>\n\t\t\t<\/dt>\n\t\t\t\t<dd class='wp-caption-text gallery-caption' id='gallery-1-329'>\n\t\t\t\tRecouvrance dans le Goulet de Brest\n\t\t\t\t<\/dd><\/dl><dl class='gallery-item'>\n\t\t\t<dt class='gallery-icon portrait'>\n\t\t\t\t<a href='http:\/\/www.ecrins-photo.fr\/blog\/wp-content\/uploads\/2016\/07\/wylde-swan-grande-parade-brest2016-ecrins-photo.jpg' rel=\"lightbox[319]\"><img width=\"200\" height=\"200\" src=\"http:\/\/www.ecrins-photo.fr\/blog\/wp-content\/uploads\/2016\/07\/wylde-swan-grande-parade-brest2016-ecrins-photo-200x200.jpg\" class=\"attachment-thumbnail size-thumbnail\" alt=\"Le Wylde Swan dans le Goulet\" loading=\"lazy\" aria-describedby=\"gallery-1-334\" \/><\/a>\n\t\t\t<\/dt>\n\t\t\t\t<dd class='wp-caption-text gallery-caption' id='gallery-1-334'>\n\t\t\t\tLe Wylde Swan dans le Goulet\n\t\t\t\t<\/dd><\/dl><dl class='gallery-item'>\n\t\t\t<dt class='gallery-icon landscape'>\n\t\t\t\t<a href='http:\/\/www.ecrins-photo.fr\/blog\/wp-content\/uploads\/2016\/07\/pedro-doncker-grande-parade-brest2016-ecrins-photo.jpg' rel=\"lightbox[319]\"><img width=\"200\" height=\"200\" src=\"http:\/\/www.ecrins-photo.fr\/blog\/wp-content\/uploads\/2016\/07\/pedro-doncker-grande-parade-brest2016-ecrins-photo-200x200.jpg\" class=\"attachment-thumbnail size-thumbnail\" alt=\"Le Pedro Doncker\" loading=\"lazy\" aria-describedby=\"gallery-1-328\" \/><\/a>\n\t\t\t<\/dt>\n\t\t\t\t<dd class='wp-caption-text gallery-caption' id='gallery-1-328'>\n\t\t\t\tLe Pedro Doncker\n\t\t\t\t<\/dd><\/dl><br style=\"clear: both\" \/><dl class='gallery-item'>\n\t\t\t<dt class='gallery-icon landscape'>\n\t\t\t\t<a href='http:\/\/www.ecrins-photo.fr\/blog\/wp-content\/uploads\/2016\/07\/grande-parade6-brest2016-ecrins-photo.jpg' rel=\"lightbox[319]\"><img width=\"200\" height=\"200\" src=\"http:\/\/www.ecrins-photo.fr\/blog\/wp-content\/uploads\/2016\/07\/grande-parade6-brest2016-ecrins-photo-200x200.jpg\" class=\"attachment-thumbnail size-thumbnail\" alt=\"La Cancalaise, bisquine cancalaise\" loading=\"lazy\" aria-describedby=\"gallery-1-322\" \/><\/a>\n\t\t\t<\/dt>\n\t\t\t\t<dd class='wp-caption-text gallery-caption' id='gallery-1-322'>\n\t\t\t\tLa Cancalaise, bisquine cancalaise\n\t\t\t\t<\/dd><\/dl><dl class='gallery-item'>\n\t\t\t<dt class='gallery-icon landscape'>\n\t\t\t\t<a href='http:\/\/www.ecrins-photo.fr\/blog\/wp-content\/uploads\/2016\/07\/grande-parade5-brest2016-ecrins-photo.jpg' rel=\"lightbox[319]\"><img width=\"200\" height=\"200\" src=\"http:\/\/www.ecrins-photo.fr\/blog\/wp-content\/uploads\/2016\/07\/grande-parade5-brest2016-ecrins-photo-200x200.jpg\" class=\"attachment-thumbnail size-thumbnail\" alt=\"A l&#039;assault des Tas de Pois\" loading=\"lazy\" aria-describedby=\"gallery-1-321\" \/><\/a>\n\t\t\t<\/dt>\n\t\t\t\t<dd class='wp-caption-text gallery-caption' id='gallery-1-321'>\n\t\t\t\tA l&rsquo;assault des Tas de Pois\n\t\t\t\t<\/dd><\/dl><dl class='gallery-item'>\n\t\t\t<dt class='gallery-icon landscape'>\n\t\t\t\t<a href='http:\/\/www.ecrins-photo.fr\/blog\/wp-content\/uploads\/2016\/07\/grande-parade7-brest2016-ecrins-photo.jpg' rel=\"lightbox[319]\"><img width=\"200\" height=\"200\" src=\"http:\/\/www.ecrins-photo.fr\/blog\/wp-content\/uploads\/2016\/07\/grande-parade7-brest2016-ecrins-photo-200x200.jpg\" class=\"attachment-thumbnail size-thumbnail\" alt=\"Dans les Tas de Pois\" loading=\"lazy\" aria-describedby=\"gallery-1-323\" \/><\/a>\n\t\t\t<\/dt>\n\t\t\t\t<dd class='wp-caption-text gallery-caption' id='gallery-1-323'>\n\t\t\t\tDans les Tas de Pois\n\t\t\t\t<\/dd><\/dl><br style=\"clear: both\" \/>\n\t\t<\/div>\n\n<p>&nbsp;<\/p>\n<p>D\u00e9dale de voile dans les Tas de Pois avant que la flotte rejoigne Douarnenez.<\/p>\n<pre id=\"tw-target-text\" class=\"tw-data-text vk_txt tw-ta tw-text-small\" dir=\"ltr\" data-fulltext=\"\" data-placeholder=\"Traduction\"><em><span lang=\"en\" style=\"color: #999999;\">EN : <span id=\"result_box\" class=\"\" lang=\"en\" tabindex=\"-1\"><span id=\"result_box\" class=\"short_text\" lang=\"en\" tabindex=\"-1\">Sailing maze <span class=\"\">in<\/span> Tas de Pois before the fleet join Douarnenez.<\/span><\/span><\/span><\/em><\/pre>\n<p><a href=\"\/blog\/wp-content\/uploads\/2016\/07\/grande-parade9-brest2016-ecrins-photo.jpg\" rel=\"lightbox[319]\"><img loading=\"lazy\" class=\"alignnone wp-image-325 size-full\" title=\"D\u00e9dalle de voile sous les Tas de Pois\" src=\"\/blog\/wp-content\/uploads\/2016\/07\/grande-parade9-brest2016-ecrins-photo.jpg\" alt=\"D\u00e9dalle de voile sous les Tas de Pois\" width=\"950\" height=\"633\" srcset=\"http:\/\/www.ecrins-photo.fr\/blog\/wp-content\/uploads\/2016\/07\/grande-parade9-brest2016-ecrins-photo.jpg 950w, http:\/\/www.ecrins-photo.fr\/blog\/wp-content\/uploads\/2016\/07\/grande-parade9-brest2016-ecrins-photo-700x466.jpg 700w\" sizes=\"(max-width: 950px) 100vw, 950px\" \/><\/a><\/p>\n<p>&nbsp;<\/p>\n<p>Merci \u00e0 l&rsquo;\u00e9quipage du Gulden Leeuw<\/p>\n<pre id=\"tw-target-text\" class=\"tw-data-text vk_txt tw-ta tw-text-small\" dir=\"ltr\" data-fulltext=\"\" data-placeholder=\"Traduction\"><em><span lang=\"en\" style=\"color: #999999;\">EN : <span id=\"result_box\" class=\"\" lang=\"en\" tabindex=\"-1\"><span id=\"result_box\" class=\"short_text\" lang=\"en\" tabindex=\"-1\"><span class=\"\">Thank you<\/span> to the crew of Gulden Leeuw<\/span><\/span><\/span><\/em><\/pre>\n<p><a href=\"\/blog\/wp-content\/uploads\/2016\/07\/gulden-leeuw-brest2016-ecrins-photo.jpg\" rel=\"lightbox[319]\"><img loading=\"lazy\" class=\"alignnone wp-image-327 size-full\" title=\"Le Gulden Leeuw au port de Brest\" src=\"\/blog\/wp-content\/uploads\/2016\/07\/gulden-leeuw-brest2016-ecrins-photo.jpg\" alt=\"gulden-leeuw-brest2016-ecrins-photo\" width=\"950\" height=\"633\" srcset=\"http:\/\/www.ecrins-photo.fr\/blog\/wp-content\/uploads\/2016\/07\/gulden-leeuw-brest2016-ecrins-photo.jpg 950w, http:\/\/www.ecrins-photo.fr\/blog\/wp-content\/uploads\/2016\/07\/gulden-leeuw-brest2016-ecrins-photo-700x466.jpg 700w\" sizes=\"(max-width: 950px) 100vw, 950px\" \/><\/a><\/p>\n<p>&nbsp;<\/p>\n<p>Allez, vous l&rsquo;attendez, prochain article avec le superbe feux d&rsquo;artifice de cl\u00f4ture du 18 juillet<\/p>\n<pre id=\"tw-target-text\" class=\"tw-data-text vk_txt tw-ta tw-text-small\" dir=\"ltr\" data-fulltext=\"\" data-placeholder=\"Traduction\"><em><span lang=\"en\" style=\"color: #999999;\">EN : <span id=\"result_box\" class=\"\" lang=\"en\" tabindex=\"-1\"><span id=\"result_box\" class=\"short_text\" lang=\"en\" tabindex=\"-1\">Come on, you wait, the <span class=\"\">next article<\/span> with great closing fireworks of July 18<\/span><\/span><\/span><\/em><\/pre>\n","protected":false},"excerpt":{"rendered":"<p>Cl\u00f4ture des f\u00eates maritime de Brest 2016 le 19 juillet par la grande parade. En l&rsquo;espace d&rsquo;une matin\u00e9e, pr\u00e8s de 1000 bateaux quitt\u00e8rent le port de Brest pour parader dans le goulet de Brest avant de traverser les Tas de Pois de la Pointe de Penn Hir et rejoindre Douarnenez. EN : Closing of maritime [&hellip;]<\/p>\n","protected":false},"author":1,"featured_media":0,"comment_status":"open","ping_status":"open","sticky":false,"template":"","format":"standard","meta":{"_exactmetrics_skip_tracking":false,"_exactmetrics_sitenote_active":false,"_exactmetrics_sitenote_note":"","_exactmetrics_sitenote_category":0},"categories":[131],"tags":[41,39,14,15,13,42,43,40],"yoast_head":"<!-- This site is optimized with the Yoast SEO plugin v17.9 - https:\/\/yoast.com\/wordpress\/plugins\/seo\/ -->\n<meta name=\"description\" content=\"Revivez la grande parade de cl\u00f4ture des f\u00eates de Brest 2016, navigant sur le Gulden Leeuw, quittant la rade de Brest, des milliers de bateaux quitte Brest.\" \/>\n<meta name=\"robots\" content=\"index, follow, max-snippet:-1, max-image-preview:large, max-video-preview:-1\" \/>\n<link rel=\"canonical\" href=\"https:\/\/www.ecrins-photo.fr\/blog\/fete-maritime-de-brest-2016-la-grande-parade\/\" \/>\n<meta property=\"og:locale\" content=\"fr_FR\" \/>\n<meta property=\"og:type\" content=\"article\" \/>\n<meta property=\"og:title\" content=\"F\u00eate maritime de Brest 2016, la grande parade - L&#039;Ecrins Photo, le blog\" \/>\n<meta property=\"og:description\" content=\"Revivez la grande parade de cl\u00f4ture des f\u00eates de Brest 2016, navigant sur le Gulden Leeuw, quittant la rade de Brest, des milliers de bateaux quitte Brest.\" \/>\n<meta property=\"og:url\" content=\"https:\/\/www.ecrins-photo.fr\/blog\/fete-maritime-de-brest-2016-la-grande-parade\/\" \/>\n<meta property=\"og:site_name\" content=\"L&#039;Ecrins Photo, le blog\" \/>\n<meta property=\"article:publisher\" content=\"https:\/\/www.facebook.com\/LEcrins-Photo-photographie-362218033868644\/\" \/>\n<meta property=\"article:published_time\" content=\"2016-07-26T17:55:01+00:00\" \/>\n<meta property=\"article:modified_time\" content=\"2020-02-09T11:27:17+00:00\" \/>\n<meta property=\"og:image\" content=\"http:\/\/www.ecrins-photo.fr\/blog\/wp-content\/uploads\/2016\/07\/grande-parade-brest2016-ecrins-photo-200x200.jpg\" \/>\n<meta name=\"twitter:card\" content=\"summary\" \/>\n<meta name=\"twitter:label1\" content=\"\u00c9crit par\" \/>\n\t<meta name=\"twitter:data1\" content=\"Julien\" \/>\n\t<meta name=\"twitter:label2\" content=\"Dur\u00e9e de lecture estim\u00e9e\" \/>\n\t<meta name=\"twitter:data2\" content=\"1 minute\" \/>\n<script type=\"application\/ld+json\" class=\"yoast-schema-graph\">{\n\t    \"@context\": \"https:\/\/schema.org\",\n\t    \"@graph\": [\n\t        {\n\t            \"@type\": \"WebSite\",\n\t            \"@id\": \"http:\/\/www.ecrins-photo.fr\/blog\/#website\",\n\t            \"url\": \"http:\/\/www.ecrins-photo.fr\/blog\/\",\n\t            \"name\": \"L&#039;Ecrins Photo, le blog\",\n\t            \"description\": \"Le blog de L&#039;Ecrins-Photo\",\n\t            \"potentialAction\": [\n\t                {\n\t                    \"@type\": \"SearchAction\",\n\t                    \"target\": {\n\t                        \"@type\": \"EntryPoint\",\n\t                        \"urlTemplate\": \"http:\/\/www.ecrins-photo.fr\/blog\/?s={search_term_string}\"\n\t                    },\n\t                    \"query-input\": \"required name=search_term_string\"\n\t                }\n\t            ],\n\t            \"inLanguage\": \"fr-FR\"\n\t        },\n\t        {\n\t            \"@type\": \"ImageObject\",\n\t            \"@id\": \"https:\/\/www.ecrins-photo.fr\/blog\/fete-maritime-de-brest-2016-la-grande-parade\/#primaryimage\",\n\t            \"inLanguage\": \"fr-FR\",\n\t            \"url\": \"\/blog\/wp-content\/uploads\/2016\/07\/grande-parade3-brest2016-ecrins-photo.jpg\",\n\t            \"contentUrl\": \"\/blog\/wp-content\/uploads\/2016\/07\/grande-parade3-brest2016-ecrins-photo.jpg\"\n\t        },\n\t        {\n\t            \"@type\": \"WebPage\",\n\t            \"@id\": \"https:\/\/www.ecrins-photo.fr\/blog\/fete-maritime-de-brest-2016-la-grande-parade\/#webpage\",\n\t            \"url\": \"https:\/\/www.ecrins-photo.fr\/blog\/fete-maritime-de-brest-2016-la-grande-parade\/\",\n\t            \"name\": \"F\\u00eate maritime de Brest 2016, la grande parade - L&#039;Ecrins Photo, le blog\",\n\t            \"isPartOf\": {\n\t                \"@id\": \"http:\/\/www.ecrins-photo.fr\/blog\/#website\"\n\t            },\n\t            \"primaryImageOfPage\": {\n\t                \"@id\": \"https:\/\/www.ecrins-photo.fr\/blog\/fete-maritime-de-brest-2016-la-grande-parade\/#primaryimage\"\n\t            },\n\t            \"datePublished\": \"2016-07-26T17:55:01+00:00\",\n\t            \"dateModified\": \"2020-02-09T11:27:17+00:00\",\n\t            \"author\": {\n\t                \"@id\": \"http:\/\/www.ecrins-photo.fr\/blog\/#\/schema\/person\/2bbc81449f5b460c3aef06fdb4ee5dff\"\n\t            },\n\t            \"description\": \"Revivez la grande parade de cl\\u00f4ture des f\\u00eates de Brest 2016, navigant sur le Gulden Leeuw, quittant la rade de Brest, des milliers de bateaux quitte Brest.\",\n\t            \"breadcrumb\": {\n\t                \"@id\": \"https:\/\/www.ecrins-photo.fr\/blog\/fete-maritime-de-brest-2016-la-grande-parade\/#breadcrumb\"\n\t            },\n\t            \"inLanguage\": \"fr-FR\",\n\t            \"potentialAction\": [\n\t                {\n\t                    \"@type\": \"ReadAction\",\n\t                    \"target\": [\n\t                        \"https:\/\/www.ecrins-photo.fr\/blog\/fete-maritime-de-brest-2016-la-grande-parade\/\"\n\t                    ]\n\t                }\n\t            ]\n\t        },\n\t        {\n\t            \"@type\": \"BreadcrumbList\",\n\t            \"@id\": \"https:\/\/www.ecrins-photo.fr\/blog\/fete-maritime-de-brest-2016-la-grande-parade\/#breadcrumb\",\n\t            \"itemListElement\": [\n\t                {\n\t                    \"@type\": \"ListItem\",\n\t                    \"position\": 1,\n\t                    \"name\": \"Accueil\",\n\t                    \"item\": \"http:\/\/www.ecrins-photo.fr\/blog\/\"\n\t                },\n\t                {\n\t                    \"@type\": \"ListItem\",\n\t                    \"position\": 2,\n\t                    \"name\": \"F\\u00eate maritime de Brest 2016, la grande parade\"\n\t                }\n\t            ]\n\t        },\n\t        {\n\t            \"@type\": \"Person\",\n\t            \"@id\": \"http:\/\/www.ecrins-photo.fr\/blog\/#\/schema\/person\/2bbc81449f5b460c3aef06fdb4ee5dff\",\n\t            \"name\": \"Julien\",\n\t            \"image\": {\n\t                \"@type\": \"ImageObject\",\n\t                \"@id\": \"http:\/\/www.ecrins-photo.fr\/blog\/#personlogo\",\n\t                \"inLanguage\": \"fr-FR\",\n\t                \"url\": \"http:\/\/2.gravatar.com\/avatar\/bf0a415254a3097ff0def61e186455b3?s=96&d=mm&r=g\",\n\t                \"contentUrl\": \"http:\/\/2.gravatar.com\/avatar\/bf0a415254a3097ff0def61e186455b3?s=96&d=mm&r=g\",\n\t                \"caption\": \"Julien\"\n\t            },\n\t            \"sameAs\": [\n\t                \"http:\/\/www.ecrins-photo.fr\/\"\n\t            ]\n\t        }\n\t    ]\n\t}<\/script>\n<!-- \/ Yoast SEO plugin. -->","yoast_head_json":{"description":"Revivez la grande parade de cl\u00f4ture des f\u00eates de Brest 2016, navigant sur le Gulden Leeuw, quittant la rade de Brest, des milliers de bateaux quitte Brest.","robots":{"index":"index","follow":"follow","max-snippet":"max-snippet:-1","max-image-preview":"max-image-preview:large","max-video-preview":"max-video-preview:-1"},"canonical":"https:\/\/www.ecrins-photo.fr\/blog\/fete-maritime-de-brest-2016-la-grande-parade\/","og_locale":"fr_FR","og_type":"article","og_title":"F\u00eate maritime de Brest 2016, la grande parade - L&#039;Ecrins Photo, le blog","og_description":"Revivez la grande parade de cl\u00f4ture des f\u00eates de Brest 2016, navigant sur le Gulden Leeuw, quittant la rade de Brest, des milliers de bateaux quitte Brest.","og_url":"https:\/\/www.ecrins-photo.fr\/blog\/fete-maritime-de-brest-2016-la-grande-parade\/","og_site_name":"L&#039;Ecrins Photo, le blog","article_publisher":"https:\/\/www.facebook.com\/LEcrins-Photo-photographie-362218033868644\/","article_published_time":"2016-07-26T17:55:01+00:00","article_modified_time":"2020-02-09T11:27:17+00:00","og_image":[{"url":"http:\/\/www.ecrins-photo.fr\/blog\/wp-content\/uploads\/2016\/07\/grande-parade-brest2016-ecrins-photo-200x200.jpg"}],"twitter_card":"summary","twitter_misc":{"\u00c9crit par":"Julien","Dur\u00e9e de lecture estim\u00e9e":"1 minute"},"schema":{"@context":"https:\/\/schema.org","@graph":[{"@type":"WebSite","@id":"http:\/\/www.ecrins-photo.fr\/blog\/#website","url":"http:\/\/www.ecrins-photo.fr\/blog\/","name":"L&#039;Ecrins Photo, le blog","description":"Le blog de L&#039;Ecrins-Photo","potentialAction":[{"@type":"SearchAction","target":{"@type":"EntryPoint","urlTemplate":"http:\/\/www.ecrins-photo.fr\/blog\/?s={search_term_string}"},"query-input":"required name=search_term_string"}],"inLanguage":"fr-FR"},{"@type":"ImageObject","@id":"https:\/\/www.ecrins-photo.fr\/blog\/fete-maritime-de-brest-2016-la-grande-parade\/#primaryimage","inLanguage":"fr-FR","url":"\/blog\/wp-content\/uploads\/2016\/07\/grande-parade3-brest2016-ecrins-photo.jpg","contentUrl":"\/blog\/wp-content\/uploads\/2016\/07\/grande-parade3-brest2016-ecrins-photo.jpg"},{"@type":"WebPage","@id":"https:\/\/www.ecrins-photo.fr\/blog\/fete-maritime-de-brest-2016-la-grande-parade\/#webpage","url":"https:\/\/www.ecrins-photo.fr\/blog\/fete-maritime-de-brest-2016-la-grande-parade\/","name":"F\u00eate maritime de Brest 2016, la grande parade - L&#039;Ecrins Photo, le blog","isPartOf":{"@id":"http:\/\/www.ecrins-photo.fr\/blog\/#website"},"primaryImageOfPage":{"@id":"https:\/\/www.ecrins-photo.fr\/blog\/fete-maritime-de-brest-2016-la-grande-parade\/#primaryimage"},"datePublished":"2016-07-26T17:55:01+00:00","dateModified":"2020-02-09T11:27:17+00:00","author":{"@id":"http:\/\/www.ecrins-photo.fr\/blog\/#\/schema\/person\/2bbc81449f5b460c3aef06fdb4ee5dff"},"description":"Revivez la grande parade de cl\u00f4ture des f\u00eates de Brest 2016, navigant sur le Gulden Leeuw, quittant la rade de Brest, des milliers de bateaux quitte Brest.","breadcrumb":{"@id":"https:\/\/www.ecrins-photo.fr\/blog\/fete-maritime-de-brest-2016-la-grande-parade\/#breadcrumb"},"inLanguage":"fr-FR","potentialAction":[{"@type":"ReadAction","target":["https:\/\/www.ecrins-photo.fr\/blog\/fete-maritime-de-brest-2016-la-grande-parade\/"]}]},{"@type":"BreadcrumbList","@id":"https:\/\/www.ecrins-photo.fr\/blog\/fete-maritime-de-brest-2016-la-grande-parade\/#breadcrumb","itemListElement":[{"@type":"ListItem","position":1,"name":"Accueil","item":"http:\/\/www.ecrins-photo.fr\/blog\/"},{"@type":"ListItem","position":2,"name":"F\u00eate maritime de Brest 2016, la grande parade"}]},{"@type":"Person","@id":"http:\/\/www.ecrins-photo.fr\/blog\/#\/schema\/person\/2bbc81449f5b460c3aef06fdb4ee5dff","name":"Julien","image":{"@type":"ImageObject","@id":"http:\/\/www.ecrins-photo.fr\/blog\/#personlogo","inLanguage":"fr-FR","url":"http:\/\/2.gravatar.com\/avatar\/bf0a415254a3097ff0def61e186455b3?s=96&d=mm&r=g","contentUrl":"http:\/\/2.gravatar.com\/avatar\/bf0a415254a3097ff0def61e186455b3?s=96&d=mm&r=g","caption":"Julien"},"sameAs":["http:\/\/www.ecrins-photo.fr\/"]}]}},"_links":{"self":[{"href":"http:\/\/www.ecrins-photo.fr\/blog\/wp-json\/wp\/v2\/posts\/319"}],"collection":[{"href":"http:\/\/www.ecrins-photo.fr\/blog\/wp-json\/wp\/v2\/posts"}],"about":[{"href":"http:\/\/www.ecrins-photo.fr\/blog\/wp-json\/wp\/v2\/types\/post"}],"author":[{"embeddable":true,"href":"http:\/\/www.ecrins-photo.fr\/blog\/wp-json\/wp\/v2\/users\/1"}],"replies":[{"embeddable":true,"href":"http:\/\/www.ecrins-photo.fr\/blog\/wp-json\/wp\/v2\/comments?post=319"}],"version-history":[{"count":10,"href":"http:\/\/www.ecrins-photo.fr\/blog\/wp-json\/wp\/v2\/posts\/319\/revisions"}],"predecessor-version":[{"id":413,"href":"http:\/\/www.ecrins-photo.fr\/blog\/wp-json\/wp\/v2\/posts\/319\/revisions\/413"}],"wp:attachment":[{"href":"http:\/\/www.ecrins-photo.fr\/blog\/wp-json\/wp\/v2\/media?parent=319"}],"wp:term":[{"taxonomy":"category","embeddable":true,"href":"http:\/\/www.ecrins-photo.fr\/blog\/wp-json\/wp\/v2\/categories?post=319"},{"taxonomy":"post_tag","embeddable":true,"href":"http:\/\/www.ecrins-photo.fr\/blog\/wp-json\/wp\/v2\/tags?post=319"}],"curies":[{"name":"wp","href":"https:\/\/api.w.org\/{rel}","templated":true}]}}