{"id":272,"date":"2016-07-24T21:11:19","date_gmt":"2016-07-24T20:11:19","guid":{"rendered":"http:\/\/www.ecrins-photo.fr\/blog\/?p=272"},"modified":"2020-02-09T12:27:11","modified_gmt":"2020-02-09T11:27:11","slug":"fete-maritime-de-brest-2016-nocturne","status":"publish","type":"post","link":"http:\/\/www.ecrins-photo.fr\/blog\/fete-maritime-de-brest-2016-nocturne\/","title":{"rendered":"F\u00eate maritime de Brest 2016, nocturne"},"content":{"rendered":"<p>M\u00eame lorsque la lune prend place dans le cr\u00e9puscule, les f\u00eates continu\u00e8rent \u00e0 la lumi\u00e8re des spots, qui de toutes les couleurs, illuminais les f\u00eates maritimes.<\/p>\n<div class=\"_Ejb\">\n<div id=\"tw-target\">\n<div id=\"tw-target-text-container\" class=\"tw-ta-container tw-nfl\">\n<pre id=\"tw-target-text\" class=\"tw-data-text vk_txt tw-ta tw-text-small\" dir=\"ltr\" data-fulltext=\"\" data-placeholder=\"Traduction\"><em><span lang=\"en\" style=\"color: #999999;\">EN : Even when the moon takes place in the twilight , celebrations continued in light of the spots, which colors the Brest festivals.\r\n<\/span><\/em><\/pre>\n<\/div>\n<\/div>\n<\/div>\n<p>Le Belem au derni\u00e8re lueur du jour<\/p>\n<pre id=\"tw-target-text\" class=\"tw-data-text vk_txt tw-ta tw-text-small\" dir=\"ltr\" data-fulltext=\"\" data-placeholder=\"Traduction\"><em><span lang=\"en\"><span style=\"color: #999999;\">EN : Belem in the last light of the day<\/span><\/span><\/em><\/pre>\n<p><a href=\"\/blog\/wp-content\/uploads\/2016\/07\/belem-santa-maria1-brest2016-ecrins-photo.jpg\" rel=\"lightbox[272]\"><img loading=\"lazy\" class=\"alignnone wp-image-276 size-full\" title=\"Le Belem et la Santa Maria au cr\u00e9puscule\" src=\"\/blog\/wp-content\/uploads\/2016\/07\/belem-santa-maria1-brest2016-ecrins-photo.jpg\" alt=\"Le Belem et la Santa Maria au cr\u00e9puscule\" width=\"1050\" height=\"700\" srcset=\"http:\/\/www.ecrins-photo.fr\/blog\/wp-content\/uploads\/2016\/07\/belem-santa-maria1-brest2016-ecrins-photo.jpg 1050w, http:\/\/www.ecrins-photo.fr\/blog\/wp-content\/uploads\/2016\/07\/belem-santa-maria1-brest2016-ecrins-photo-700x467.jpg 700w, http:\/\/www.ecrins-photo.fr\/blog\/wp-content\/uploads\/2016\/07\/belem-santa-maria1-brest2016-ecrins-photo-950x633.jpg 950w\" sizes=\"(max-width: 1050px) 100vw, 1050px\" \/><\/a><\/p>\n<p>&nbsp;<\/p>\n<p>Place \u00e0 la parade<\/p>\n<pre id=\"tw-target-text\" class=\"tw-data-text vk_txt tw-ta tw-text-medium\" dir=\"ltr\" data-fulltext=\"\" data-placeholder=\"Traduction\"><em><span lang=\"en\" style=\"color: #999999;\">EN : Place on parade<\/span><\/em><\/pre>\n<div id='gallery-1' class='gallery galleryid-272 gallery-columns-3 gallery-size-thumbnail'><dl class='gallery-item'>\n\t\t\t<dt class='gallery-icon landscape'>\n\t\t\t\t<a href='http:\/\/www.ecrins-photo.fr\/blog\/wp-content\/uploads\/2016\/07\/port-brest2016-ecrins-photo.jpg' rel=\"lightbox[272]\"><img width=\"200\" height=\"200\" src=\"http:\/\/www.ecrins-photo.fr\/blog\/wp-content\/uploads\/2016\/07\/port-brest2016-ecrins-photo-200x200.jpg\" class=\"attachment-thumbnail size-thumbnail\" alt=\"La nuit tombe sur la rade de Brest\" loading=\"lazy\" aria-describedby=\"gallery-1-302\" \/><\/a>\n\t\t\t<\/dt>\n\t\t\t\t<dd class='wp-caption-text gallery-caption' id='gallery-1-302'>\n\t\t\t\tLa nuit tombe sur la rade de Brest\n\t\t\t\t<\/dd><\/dl><dl class='gallery-item'>\n\t\t\t<dt class='gallery-icon landscape'>\n\t\t\t\t<a href='http:\/\/www.ecrins-photo.fr\/blog\/wp-content\/uploads\/2016\/07\/belem-brest2016-ecrins-photo-1.jpg' rel=\"lightbox[272]\"><img width=\"200\" height=\"200\" src=\"http:\/\/www.ecrins-photo.fr\/blog\/wp-content\/uploads\/2016\/07\/belem-brest2016-ecrins-photo-1-200x200.jpg\" class=\"attachment-thumbnail size-thumbnail\" alt=\"Le Belem et la Santa Maria\" loading=\"lazy\" aria-describedby=\"gallery-1-277\" srcset=\"http:\/\/www.ecrins-photo.fr\/blog\/wp-content\/uploads\/2016\/07\/belem-brest2016-ecrins-photo-1-200x200.jpg 200w, http:\/\/www.ecrins-photo.fr\/blog\/wp-content\/uploads\/2016\/07\/belem-brest2016-ecrins-photo-1-500x500.jpg 500w, http:\/\/www.ecrins-photo.fr\/blog\/wp-content\/uploads\/2016\/07\/belem-brest2016-ecrins-photo-1.jpg 700w\" sizes=\"(max-width: 200px) 100vw, 200px\" \/><\/a>\n\t\t\t<\/dt>\n\t\t\t\t<dd class='wp-caption-text gallery-caption' id='gallery-1-277'>\n\t\t\t\tLe Belem et la Santa Maria\n\t\t\t\t<\/dd><\/dl><dl class='gallery-item'>\n\t\t\t<dt class='gallery-icon landscape'>\n\t\t\t\t<a href='http:\/\/www.ecrins-photo.fr\/blog\/wp-content\/uploads\/2016\/07\/abeille-bourbon-brest2016-ecrins-photo.jpg' rel=\"lightbox[272]\"><img width=\"200\" height=\"200\" src=\"http:\/\/www.ecrins-photo.fr\/blog\/wp-content\/uploads\/2016\/07\/abeille-bourbon-brest2016-ecrins-photo-200x200.jpg\" class=\"attachment-thumbnail size-thumbnail\" alt=\"L&#039;Abeille Bourbon ouvre la parade nocturne\" loading=\"lazy\" aria-describedby=\"gallery-1-279\" srcset=\"http:\/\/www.ecrins-photo.fr\/blog\/wp-content\/uploads\/2016\/07\/abeille-bourbon-brest2016-ecrins-photo-200x200.jpg 200w, http:\/\/www.ecrins-photo.fr\/blog\/wp-content\/uploads\/2016\/07\/abeille-bourbon-brest2016-ecrins-photo-500x500.jpg 500w, http:\/\/www.ecrins-photo.fr\/blog\/wp-content\/uploads\/2016\/07\/abeille-bourbon-brest2016-ecrins-photo-750x750.jpg 750w, http:\/\/www.ecrins-photo.fr\/blog\/wp-content\/uploads\/2016\/07\/abeille-bourbon-brest2016-ecrins-photo.jpg 800w\" sizes=\"(max-width: 200px) 100vw, 200px\" \/><\/a>\n\t\t\t<\/dt>\n\t\t\t\t<dd class='wp-caption-text gallery-caption' id='gallery-1-279'>\n\t\t\t\tL&rsquo;Abeille Bourbon ouvre la parade nocturne\n\t\t\t\t<\/dd><\/dl><br style=\"clear: both\" \/><dl class='gallery-item'>\n\t\t\t<dt class='gallery-icon portrait'>\n\t\t\t\t<a href='http:\/\/www.ecrins-photo.fr\/blog\/wp-content\/uploads\/2016\/07\/shtandart-brest2016-ecrins-photo.jpg' rel=\"lightbox[272]\"><img width=\"200\" height=\"200\" src=\"http:\/\/www.ecrins-photo.fr\/blog\/wp-content\/uploads\/2016\/07\/shtandart-brest2016-ecrins-photo-200x200.jpg\" class=\"attachment-thumbnail size-thumbnail\" alt=\"Le Shtandart sous la lune pour les parades nocturne\" loading=\"lazy\" aria-describedby=\"gallery-1-298\" \/><\/a>\n\t\t\t<\/dt>\n\t\t\t\t<dd class='wp-caption-text gallery-caption' id='gallery-1-298'>\n\t\t\t\tLe Shtandart sous la lune pour les parades nocturne\n\t\t\t\t<\/dd><\/dl><dl class='gallery-item'>\n\t\t\t<dt class='gallery-icon landscape'>\n\t\t\t\t<a href='http:\/\/www.ecrins-photo.fr\/blog\/wp-content\/uploads\/2016\/07\/parade2-brest2016-ecrins-photo.jpg' rel=\"lightbox[272]\"><img width=\"200\" height=\"200\" src=\"http:\/\/www.ecrins-photo.fr\/blog\/wp-content\/uploads\/2016\/07\/parade2-brest2016-ecrins-photo-200x200.jpg\" class=\"attachment-thumbnail size-thumbnail\" alt=\"Parade nocturne avec le Stortemeik\" loading=\"lazy\" aria-describedby=\"gallery-1-287\" srcset=\"http:\/\/www.ecrins-photo.fr\/blog\/wp-content\/uploads\/2016\/07\/parade2-brest2016-ecrins-photo-200x200.jpg 200w, http:\/\/www.ecrins-photo.fr\/blog\/wp-content\/uploads\/2016\/07\/parade2-brest2016-ecrins-photo-500x500.jpg 500w, http:\/\/www.ecrins-photo.fr\/blog\/wp-content\/uploads\/2016\/07\/parade2-brest2016-ecrins-photo-750x750.jpg 750w, http:\/\/www.ecrins-photo.fr\/blog\/wp-content\/uploads\/2016\/07\/parade2-brest2016-ecrins-photo.jpg 800w\" sizes=\"(max-width: 200px) 100vw, 200px\" \/><\/a>\n\t\t\t<\/dt>\n\t\t\t\t<dd class='wp-caption-text gallery-caption' id='gallery-1-287'>\n\t\t\t\tParade nocturne avec le Stortemeik\n\t\t\t\t<\/dd><\/dl><dl class='gallery-item'>\n\t\t\t<dt class='gallery-icon landscape'>\n\t\t\t\t<a href='http:\/\/www.ecrins-photo.fr\/blog\/wp-content\/uploads\/2016\/07\/parade-brest2016-ecrins-photo.jpg' rel=\"lightbox[272]\"><img width=\"200\" height=\"200\" src=\"http:\/\/www.ecrins-photo.fr\/blog\/wp-content\/uploads\/2016\/07\/parade-brest2016-ecrins-photo-200x200.jpg\" class=\"attachment-thumbnail size-thumbnail\" alt=\"Parade nocturne\" loading=\"lazy\" aria-describedby=\"gallery-1-286\" \/><\/a>\n\t\t\t<\/dt>\n\t\t\t\t<dd class='wp-caption-text gallery-caption' id='gallery-1-286'>\n\t\t\t\tParade nocturne\n\t\t\t\t<\/dd><\/dl><br style=\"clear: both\" \/><dl class='gallery-item'>\n\t\t\t<dt class='gallery-icon landscape'>\n\t\t\t\t<a href='http:\/\/www.ecrins-photo.fr\/blog\/wp-content\/uploads\/2016\/07\/jantye-brest2016-ecrins-photo.jpg' rel=\"lightbox[272]\"><img width=\"200\" height=\"200\" src=\"http:\/\/www.ecrins-photo.fr\/blog\/wp-content\/uploads\/2016\/07\/jantye-brest2016-ecrins-photo-200x200.jpg\" class=\"attachment-thumbnail size-thumbnail\" alt=\"Jantye lors de la parade nocturne\" loading=\"lazy\" aria-describedby=\"gallery-1-281\" srcset=\"http:\/\/www.ecrins-photo.fr\/blog\/wp-content\/uploads\/2016\/07\/jantye-brest2016-ecrins-photo-200x200.jpg 200w, http:\/\/www.ecrins-photo.fr\/blog\/wp-content\/uploads\/2016\/07\/jantye-brest2016-ecrins-photo-500x500.jpg 500w, http:\/\/www.ecrins-photo.fr\/blog\/wp-content\/uploads\/2016\/07\/jantye-brest2016-ecrins-photo-750x750.jpg 750w, http:\/\/www.ecrins-photo.fr\/blog\/wp-content\/uploads\/2016\/07\/jantye-brest2016-ecrins-photo.jpg 800w\" sizes=\"(max-width: 200px) 100vw, 200px\" \/><\/a>\n\t\t\t<\/dt>\n\t\t\t\t<dd class='wp-caption-text gallery-caption' id='gallery-1-281'>\n\t\t\t\tJantye lors de la parade nocturne\n\t\t\t\t<\/dd><\/dl><dl class='gallery-item'>\n\t\t\t<dt class='gallery-icon portrait'>\n\t\t\t\t<a href='http:\/\/www.ecrins-photo.fr\/blog\/wp-content\/uploads\/2016\/07\/renard-brest2016-ecrins-photo.jpg' rel=\"lightbox[272]\"><img width=\"200\" height=\"200\" src=\"http:\/\/www.ecrins-photo.fr\/blog\/wp-content\/uploads\/2016\/07\/renard-brest2016-ecrins-photo-200x200.jpg\" class=\"attachment-thumbnail size-thumbnail\" alt=\"Le Renard sous la lune lors de la parade Nocturne\" loading=\"lazy\" aria-describedby=\"gallery-1-299\" \/><\/a>\n\t\t\t<\/dt>\n\t\t\t\t<dd class='wp-caption-text gallery-caption' id='gallery-1-299'>\n\t\t\t\tLe Renard sous la lune lors de la parade Nocturne\n\t\t\t\t<\/dd><\/dl><dl class='gallery-item'>\n\t\t\t<dt class='gallery-icon portrait'>\n\t\t\t\t<a href='http:\/\/www.ecrins-photo.fr\/blog\/wp-content\/uploads\/2016\/07\/abel-tasman-brest2016-ecrins-photo.jpg' rel=\"lightbox[272]\"><img width=\"200\" height=\"200\" src=\"http:\/\/www.ecrins-photo.fr\/blog\/wp-content\/uploads\/2016\/07\/abel-tasman-brest2016-ecrins-photo-200x200.jpg\" class=\"attachment-thumbnail size-thumbnail\" alt=\"L&#039;Abel Tasman lors de la parade nocturne\" loading=\"lazy\" aria-describedby=\"gallery-1-280\" \/><\/a>\n\t\t\t<\/dt>\n\t\t\t\t<dd class='wp-caption-text gallery-caption' id='gallery-1-280'>\n\t\t\t\tL&rsquo;Abel Tasman lors de la parade nocturne\n\t\t\t\t<\/dd><\/dl><br style=\"clear: both\" \/><dl class='gallery-item'>\n\t\t\t<dt class='gallery-icon landscape'>\n\t\t\t\t<a href='http:\/\/www.ecrins-photo.fr\/blog\/wp-content\/uploads\/2016\/07\/parade9-brest2016-ecrins-photo.jpg' rel=\"lightbox[272]\"><img width=\"200\" height=\"200\" src=\"http:\/\/www.ecrins-photo.fr\/blog\/wp-content\/uploads\/2016\/07\/parade9-brest2016-ecrins-photo-200x200.jpg\" class=\"attachment-thumbnail size-thumbnail\" alt=\"Le Wylde Swan lors de la parade nocturne\" loading=\"lazy\" aria-describedby=\"gallery-1-285\" \/><\/a>\n\t\t\t<\/dt>\n\t\t\t\t<dd class='wp-caption-text gallery-caption' id='gallery-1-285'>\n\t\t\t\tLe Wylde Swan lors de la parade nocturne\n\t\t\t\t<\/dd><\/dl><dl class='gallery-item'>\n\t\t\t<dt class='gallery-icon landscape'>\n\t\t\t\t<a href='http:\/\/www.ecrins-photo.fr\/blog\/wp-content\/uploads\/2016\/07\/parade3-brest2016-ecrins-photo.jpg' rel=\"lightbox[272]\"><img width=\"200\" height=\"200\" src=\"http:\/\/www.ecrins-photo.fr\/blog\/wp-content\/uploads\/2016\/07\/parade3-brest2016-ecrins-photo-200x200.jpg\" class=\"attachment-thumbnail size-thumbnail\" alt=\"Parade nocturne avec le Stortemeik\" loading=\"lazy\" aria-describedby=\"gallery-1-288\" srcset=\"http:\/\/www.ecrins-photo.fr\/blog\/wp-content\/uploads\/2016\/07\/parade3-brest2016-ecrins-photo-200x200.jpg 200w, http:\/\/www.ecrins-photo.fr\/blog\/wp-content\/uploads\/2016\/07\/parade3-brest2016-ecrins-photo-500x500.jpg 500w, http:\/\/www.ecrins-photo.fr\/blog\/wp-content\/uploads\/2016\/07\/parade3-brest2016-ecrins-photo-750x750.jpg 750w, http:\/\/www.ecrins-photo.fr\/blog\/wp-content\/uploads\/2016\/07\/parade3-brest2016-ecrins-photo.jpg 800w\" sizes=\"(max-width: 200px) 100vw, 200px\" \/><\/a>\n\t\t\t<\/dt>\n\t\t\t\t<dd class='wp-caption-text gallery-caption' id='gallery-1-288'>\n\t\t\t\tParade nocturne avec le Stortemeik\n\t\t\t\t<\/dd><\/dl><dl class='gallery-item'>\n\t\t\t<dt class='gallery-icon landscape'>\n\t\t\t\t<a href='http:\/\/www.ecrins-photo.fr\/blog\/wp-content\/uploads\/2016\/07\/parade4-brest2016-ecrins-photo.jpg' rel=\"lightbox[272]\"><img width=\"200\" height=\"200\" src=\"http:\/\/www.ecrins-photo.fr\/blog\/wp-content\/uploads\/2016\/07\/parade4-brest2016-ecrins-photo-200x200.jpg\" class=\"attachment-thumbnail size-thumbnail\" alt=\"L&#039;Helena 1913 sous les artifice de la parade nocturne\" loading=\"lazy\" aria-describedby=\"gallery-1-289\" \/><\/a>\n\t\t\t<\/dt>\n\t\t\t\t<dd class='wp-caption-text gallery-caption' id='gallery-1-289'>\n\t\t\t\tL&rsquo;Helena 1913 sous les artifice de la parade nocturne\n\t\t\t\t<\/dd><\/dl><br style=\"clear: both\" \/><dl class='gallery-item'>\n\t\t\t<dt class='gallery-icon landscape'>\n\t\t\t\t<a href='http:\/\/www.ecrins-photo.fr\/blog\/wp-content\/uploads\/2016\/07\/parade5-brest2016-ecrins-photo.jpg' rel=\"lightbox[272]\"><img width=\"200\" height=\"200\" src=\"http:\/\/www.ecrins-photo.fr\/blog\/wp-content\/uploads\/2016\/07\/parade5-brest2016-ecrins-photo-200x200.jpg\" class=\"attachment-thumbnail size-thumbnail\" alt=\"Le Stortemeik sous les artifice de la parade nocturne\" loading=\"lazy\" aria-describedby=\"gallery-1-290\" \/><\/a>\n\t\t\t<\/dt>\n\t\t\t\t<dd class='wp-caption-text gallery-caption' id='gallery-1-290'>\n\t\t\t\tLe Stortemeik sous les artifice de la parade nocturne\n\t\t\t\t<\/dd><\/dl><dl class='gallery-item'>\n\t\t\t<dt class='gallery-icon landscape'>\n\t\t\t\t<a href='http:\/\/www.ecrins-photo.fr\/blog\/wp-content\/uploads\/2016\/07\/parade6-brest2016-ecrins-photo.jpg' rel=\"lightbox[272]\"><img width=\"200\" height=\"200\" src=\"http:\/\/www.ecrins-photo.fr\/blog\/wp-content\/uploads\/2016\/07\/parade6-brest2016-ecrins-photo-200x200.jpg\" class=\"attachment-thumbnail size-thumbnail\" alt=\"Parade nocturne de Brest 2016\" loading=\"lazy\" aria-describedby=\"gallery-1-291\" \/><\/a>\n\t\t\t<\/dt>\n\t\t\t\t<dd class='wp-caption-text gallery-caption' id='gallery-1-291'>\n\t\t\t\tParade nocturne de Brest 2016\n\t\t\t\t<\/dd><\/dl><dl class='gallery-item'>\n\t\t\t<dt class='gallery-icon landscape'>\n\t\t\t\t<a href='http:\/\/www.ecrins-photo.fr\/blog\/wp-content\/uploads\/2016\/07\/parade7-brest2016-ecrins-photo.jpg' rel=\"lightbox[272]\"><img width=\"200\" height=\"200\" src=\"http:\/\/www.ecrins-photo.fr\/blog\/wp-content\/uploads\/2016\/07\/parade7-brest2016-ecrins-photo-200x200.jpg\" class=\"attachment-thumbnail size-thumbnail\" alt=\"Le Kapitan Borchardt sous les artifices de la parade nocturne\" loading=\"lazy\" aria-describedby=\"gallery-1-292\" \/><\/a>\n\t\t\t<\/dt>\n\t\t\t\t<dd class='wp-caption-text gallery-caption' id='gallery-1-292'>\n\t\t\t\tLe Kapitan Borchardt sous les artifices de la parade nocturne\n\t\t\t\t<\/dd><\/dl><br style=\"clear: both\" \/><dl class='gallery-item'>\n\t\t\t<dt class='gallery-icon landscape'>\n\t\t\t\t<a href='http:\/\/www.ecrins-photo.fr\/blog\/wp-content\/uploads\/2016\/07\/bassin-brest2016-ecrins-photo.jpg' rel=\"lightbox[272]\"><img width=\"200\" height=\"200\" src=\"http:\/\/www.ecrins-photo.fr\/blog\/wp-content\/uploads\/2016\/07\/bassin-brest2016-ecrins-photo-200x200.jpg\" class=\"attachment-thumbnail size-thumbnail\" alt=\"Les bassins de Brest 2016\" loading=\"lazy\" aria-describedby=\"gallery-1-278\" \/><\/a>\n\t\t\t<\/dt>\n\t\t\t\t<dd class='wp-caption-text gallery-caption' id='gallery-1-278'>\n\t\t\t\tLes bassins de Brest 2016\n\t\t\t\t<\/dd><\/dl><dl class='gallery-item'>\n\t\t\t<dt class='gallery-icon landscape'>\n\t\t\t\t<a href='http:\/\/www.ecrins-photo.fr\/blog\/wp-content\/uploads\/2016\/07\/quai-nocturne-brest2016-ecrins-photo.jpg' rel=\"lightbox[272]\"><img width=\"200\" height=\"200\" src=\"http:\/\/www.ecrins-photo.fr\/blog\/wp-content\/uploads\/2016\/07\/quai-nocturne-brest2016-ecrins-photo-200x200.jpg\" class=\"attachment-thumbnail size-thumbnail\" alt=\"Nocturne \u00e0 Brest 2016\" loading=\"lazy\" aria-describedby=\"gallery-1-296\" \/><\/a>\n\t\t\t<\/dt>\n\t\t\t\t<dd class='wp-caption-text gallery-caption' id='gallery-1-296'>\n\t\t\t\tNocturne \u00e0 Brest 2016\n\t\t\t\t<\/dd><\/dl><dl class='gallery-item'>\n\t\t\t<dt class='gallery-icon landscape'>\n\t\t\t\t<a href='http:\/\/www.ecrins-photo.fr\/blog\/wp-content\/uploads\/2016\/07\/hermione2-fort-brest2016-ecrins-photo.jpg' rel=\"lightbox[272]\"><img width=\"200\" height=\"200\" src=\"http:\/\/www.ecrins-photo.fr\/blog\/wp-content\/uploads\/2016\/07\/hermione2-fort-brest2016-ecrins-photo-200x200.jpg\" class=\"attachment-thumbnail size-thumbnail\" alt=\"L&#039;Etoile du Roy et l&#039;Hermione sous le fort de Brest\" loading=\"lazy\" aria-describedby=\"gallery-1-282\" \/><\/a>\n\t\t\t<\/dt>\n\t\t\t\t<dd class='wp-caption-text gallery-caption' id='gallery-1-282'>\n\t\t\t\tL&rsquo;Etoile du Roy et l&rsquo;Hermione sous le fort de Brest\n\t\t\t\t<\/dd><\/dl><br style=\"clear: both\" \/><dl class='gallery-item'>\n\t\t\t<dt class='gallery-icon landscape'>\n\t\t\t\t<a href='http:\/\/www.ecrins-photo.fr\/blog\/wp-content\/uploads\/2016\/07\/hermione-fort3-brest2016-ecrins-photo.jpg' rel=\"lightbox[272]\"><img width=\"200\" height=\"200\" src=\"http:\/\/www.ecrins-photo.fr\/blog\/wp-content\/uploads\/2016\/07\/hermione-fort3-brest2016-ecrins-photo-200x200.jpg\" class=\"attachment-thumbnail size-thumbnail\" alt=\"L&#039;Hermione sous le fort de Brest\" loading=\"lazy\" aria-describedby=\"gallery-1-283\" \/><\/a>\n\t\t\t<\/dt>\n\t\t\t\t<dd class='wp-caption-text gallery-caption' id='gallery-1-283'>\n\t\t\t\tL&rsquo;Hermione sous le fort de Brest\n\t\t\t\t<\/dd><\/dl><dl class='gallery-item'>\n\t\t\t<dt class='gallery-icon landscape'>\n\t\t\t\t<a href='http:\/\/www.ecrins-photo.fr\/blog\/wp-content\/uploads\/2016\/07\/penfeld-nuit3-brest2016-ecrins-photo.jpg' rel=\"lightbox[272]\"><img width=\"200\" height=\"200\" src=\"http:\/\/www.ecrins-photo.fr\/blog\/wp-content\/uploads\/2016\/07\/penfeld-nuit3-brest2016-ecrins-photo-200x200.jpg\" class=\"attachment-thumbnail size-thumbnail\" alt=\"La Penfeld lors des f\u00eates maritime de Brest 2016\" loading=\"lazy\" aria-describedby=\"gallery-1-294\" \/><\/a>\n\t\t\t<\/dt>\n\t\t\t\t<dd class='wp-caption-text gallery-caption' id='gallery-1-294'>\n\t\t\t\tLa Penfeld lors des f\u00eates maritime de Brest 2016\n\t\t\t\t<\/dd><\/dl><dl class='gallery-item'>\n\t\t\t<dt class='gallery-icon landscape'>\n\t\t\t\t<a href='http:\/\/www.ecrins-photo.fr\/blog\/wp-content\/uploads\/2016\/07\/recouvrance-nuit-brest2016-ecrins-photo.jpg' rel=\"lightbox[272]\"><img width=\"200\" height=\"200\" src=\"http:\/\/www.ecrins-photo.fr\/blog\/wp-content\/uploads\/2016\/07\/recouvrance-nuit-brest2016-ecrins-photo-200x200.jpg\" class=\"attachment-thumbnail size-thumbnail\" alt=\"La Penfeld et la Recouvrance lors des f\u00eates maritime de Brest 2016\" loading=\"lazy\" aria-describedby=\"gallery-1-297\" \/><\/a>\n\t\t\t<\/dt>\n\t\t\t\t<dd class='wp-caption-text gallery-caption' id='gallery-1-297'>\n\t\t\t\tLa Penfeld et la Recouvrance lors des f\u00eates maritime de Brest 2016\n\t\t\t\t<\/dd><\/dl><br style=\"clear: both\" \/>\n\t\t<\/div>\n\n<p>&nbsp;<\/p>\n<p>La deuxi\u00e8me partie se termine sur cette vue de la Penfeld, sous le regard sans doute \u00e9tonn\u00e9 de la lune de voir autant de grand voilier entre la tour Tanguy et le\u00a0 fort de Brest.<\/p>\n<div class=\"_Ejb\">\n<div id=\"tw-target\">\n<div id=\"tw-target-text-container\" class=\"tw-ta-container tw-nfl\">\n<pre id=\"tw-target-text\" class=\"tw-data-text vk_txt tw-ta tw-text-small\" dir=\"ltr\" data-fulltext=\"\" data-placeholder=\"Traduction\"><em><span lang=\"en\" style=\"color: #999999;\">EN : The second part ends with this view of the Penfeld, under the look doubtless amazed at the moon to see so many tall ship between the Tanguy tower and the fort of Brest.<\/span><\/em><\/pre>\n<\/div>\n<\/div>\n<\/div>\n<p><a href=\"\/blog\/wp-content\/uploads\/2016\/07\/penfeld-nuit2-brest2016-ecrins-photo.jpg\" rel=\"lightbox[272]\"><img loading=\"lazy\" class=\"alignnone wp-image-293 size-full\" title=\"La Penfeld et le Fort de Brest lors des f\u00eates maritime\" src=\"\/blog\/wp-content\/uploads\/2016\/07\/penfeld-nuit2-brest2016-ecrins-photo.jpg\" alt=\"La Penfeld lors des f\u00eates maritime de Brest 2016\" width=\"950\" height=\"633\" srcset=\"http:\/\/www.ecrins-photo.fr\/blog\/wp-content\/uploads\/2016\/07\/penfeld-nuit2-brest2016-ecrins-photo.jpg 950w, http:\/\/www.ecrins-photo.fr\/blog\/wp-content\/uploads\/2016\/07\/penfeld-nuit2-brest2016-ecrins-photo-700x466.jpg 700w\" sizes=\"(max-width: 950px) 100vw, 950px\" \/><\/a><\/p>\n<p>La troisi\u00e8me partie sera orient\u00e9 autour de la grande parade, puis si vous \u00eates sage, autour du feux d&rsquo;artifice de cl\u00f4ture.<\/p>\n<div class=\"_Ejb\">\n<div id=\"tw-target\">\n<div id=\"tw-target-text-container\" class=\"tw-ta-container tw-nfl\">\n<pre id=\"tw-target-text\" class=\"tw-data-text vk_txt tw-ta tw-text-small\" dir=\"ltr\" data-fulltext=\"\" data-placeholder=\"Traduction\"><em><span lang=\"en\" style=\"color: #999999;\">EN : The third part will be oriented around the big parade and if you \/are wise , around the closing fireworks.<\/span><\/em><\/pre>\n<\/div>\n<\/div>\n<\/div>\n","protected":false},"excerpt":{"rendered":"<p>M\u00eame lorsque la lune prend place dans le cr\u00e9puscule, les f\u00eates continu\u00e8rent \u00e0 la lumi\u00e8re des spots, qui de toutes les couleurs, illuminais les f\u00eates maritimes. EN : Even when the moon takes place in the twilight , celebrations continued in light of the spots, which colors the Brest festivals. Le Belem au derni\u00e8re lueur [&hellip;]<\/p>\n","protected":false},"author":1,"featured_media":0,"comment_status":"open","ping_status":"open","sticky":false,"template":"","format":"standard","meta":{"_exactmetrics_skip_tracking":false,"_exactmetrics_sitenote_active":false,"_exactmetrics_sitenote_note":"","_exactmetrics_sitenote_category":0},"categories":[131],"tags":[41,39,14,15,13,44,40],"yoast_head":"<!-- This site is optimized with the Yoast SEO plugin v17.9 - https:\/\/yoast.com\/wordpress\/plugins\/seo\/ -->\n<meta name=\"description\" content=\"Les parades nocturnes rythment les f\u00eates \u00e0 la tomb\u00e9 de la nuit, sous les lumi\u00e8res des spots et des r\u00e9verb\u00e8res, les voiliers s&#039;\u00e9clairent d&#039;un nouveau jour.\" \/>\n<meta name=\"robots\" content=\"index, follow, max-snippet:-1, max-image-preview:large, max-video-preview:-1\" \/>\n<link rel=\"canonical\" href=\"https:\/\/www.ecrins-photo.fr\/blog\/fete-maritime-de-brest-2016-nocturne\/\" \/>\n<meta property=\"og:locale\" content=\"fr_FR\" \/>\n<meta property=\"og:type\" content=\"article\" \/>\n<meta property=\"og:title\" content=\"F\u00eate maritime de Brest 2016, nocturne - L&#039;Ecrins Photo, le blog\" \/>\n<meta property=\"og:description\" content=\"Les parades nocturnes rythment les f\u00eates \u00e0 la tomb\u00e9 de la nuit, sous les lumi\u00e8res des spots et des r\u00e9verb\u00e8res, les voiliers s&#039;\u00e9clairent d&#039;un nouveau jour.\" \/>\n<meta property=\"og:url\" content=\"https:\/\/www.ecrins-photo.fr\/blog\/fete-maritime-de-brest-2016-nocturne\/\" \/>\n<meta property=\"og:site_name\" content=\"L&#039;Ecrins Photo, le blog\" \/>\n<meta property=\"article:publisher\" content=\"https:\/\/www.facebook.com\/LEcrins-Photo-photographie-362218033868644\/\" \/>\n<meta property=\"article:published_time\" content=\"2016-07-24T20:11:19+00:00\" \/>\n<meta property=\"article:modified_time\" content=\"2020-02-09T11:27:11+00:00\" \/>\n<meta property=\"og:image\" content=\"http:\/\/www.ecrins-photo.fr\/blog\/wp-content\/uploads\/2016\/07\/port-brest2016-ecrins-photo-200x200.jpg\" \/>\n<meta name=\"twitter:card\" content=\"summary\" \/>\n<meta name=\"twitter:label1\" content=\"\u00c9crit par\" \/>\n\t<meta name=\"twitter:data1\" content=\"Julien\" \/>\n\t<meta name=\"twitter:label2\" content=\"Dur\u00e9e de lecture estim\u00e9e\" \/>\n\t<meta name=\"twitter:data2\" content=\"1 minute\" \/>\n<script type=\"application\/ld+json\" class=\"yoast-schema-graph\">{\n\t    \"@context\": \"https:\/\/schema.org\",\n\t    \"@graph\": [\n\t        {\n\t            \"@type\": \"WebSite\",\n\t            \"@id\": \"http:\/\/www.ecrins-photo.fr\/blog\/#website\",\n\t            \"url\": \"http:\/\/www.ecrins-photo.fr\/blog\/\",\n\t            \"name\": \"L&#039;Ecrins Photo, le blog\",\n\t            \"description\": \"Le blog de L&#039;Ecrins-Photo\",\n\t            \"potentialAction\": [\n\t                {\n\t                    \"@type\": \"SearchAction\",\n\t                    \"target\": {\n\t                        \"@type\": \"EntryPoint\",\n\t                        \"urlTemplate\": \"http:\/\/www.ecrins-photo.fr\/blog\/?s={search_term_string}\"\n\t                    },\n\t                    \"query-input\": \"required name=search_term_string\"\n\t                }\n\t            ],\n\t            \"inLanguage\": \"fr-FR\"\n\t        },\n\t        {\n\t            \"@type\": \"ImageObject\",\n\t            \"@id\": \"https:\/\/www.ecrins-photo.fr\/blog\/fete-maritime-de-brest-2016-nocturne\/#primaryimage\",\n\t            \"inLanguage\": \"fr-FR\",\n\t            \"url\": \"\/blog\/wp-content\/uploads\/2016\/07\/belem-santa-maria1-brest2016-ecrins-photo.jpg\",\n\t            \"contentUrl\": \"\/blog\/wp-content\/uploads\/2016\/07\/belem-santa-maria1-brest2016-ecrins-photo.jpg\"\n\t        },\n\t        {\n\t            \"@type\": \"WebPage\",\n\t            \"@id\": \"https:\/\/www.ecrins-photo.fr\/blog\/fete-maritime-de-brest-2016-nocturne\/#webpage\",\n\t            \"url\": \"https:\/\/www.ecrins-photo.fr\/blog\/fete-maritime-de-brest-2016-nocturne\/\",\n\t            \"name\": \"F\\u00eate maritime de Brest 2016, nocturne - L&#039;Ecrins Photo, le blog\",\n\t            \"isPartOf\": {\n\t                \"@id\": \"http:\/\/www.ecrins-photo.fr\/blog\/#website\"\n\t            },\n\t            \"primaryImageOfPage\": {\n\t                \"@id\": \"https:\/\/www.ecrins-photo.fr\/blog\/fete-maritime-de-brest-2016-nocturne\/#primaryimage\"\n\t            },\n\t            \"datePublished\": \"2016-07-24T20:11:19+00:00\",\n\t            \"dateModified\": \"2020-02-09T11:27:11+00:00\",\n\t            \"author\": {\n\t                \"@id\": \"http:\/\/www.ecrins-photo.fr\/blog\/#\/schema\/person\/2bbc81449f5b460c3aef06fdb4ee5dff\"\n\t            },\n\t            \"description\": \"Les parades nocturnes rythment les f\\u00eates \\u00e0 la tomb\\u00e9 de la nuit, sous les lumi\\u00e8res des spots et des r\\u00e9verb\\u00e8res, les voiliers s'\\u00e9clairent d'un nouveau jour.\",\n\t            \"breadcrumb\": {\n\t                \"@id\": \"https:\/\/www.ecrins-photo.fr\/blog\/fete-maritime-de-brest-2016-nocturne\/#breadcrumb\"\n\t            },\n\t            \"inLanguage\": \"fr-FR\",\n\t            \"potentialAction\": [\n\t                {\n\t                    \"@type\": \"ReadAction\",\n\t                    \"target\": [\n\t                        \"https:\/\/www.ecrins-photo.fr\/blog\/fete-maritime-de-brest-2016-nocturne\/\"\n\t                    ]\n\t                }\n\t            ]\n\t        },\n\t        {\n\t            \"@type\": \"BreadcrumbList\",\n\t            \"@id\": \"https:\/\/www.ecrins-photo.fr\/blog\/fete-maritime-de-brest-2016-nocturne\/#breadcrumb\",\n\t            \"itemListElement\": [\n\t                {\n\t                    \"@type\": \"ListItem\",\n\t                    \"position\": 1,\n\t                    \"name\": \"Accueil\",\n\t                    \"item\": \"http:\/\/www.ecrins-photo.fr\/blog\/\"\n\t                },\n\t                {\n\t                    \"@type\": \"ListItem\",\n\t                    \"position\": 2,\n\t                    \"name\": \"F\\u00eate maritime de Brest 2016, nocturne\"\n\t                }\n\t            ]\n\t        },\n\t        {\n\t            \"@type\": \"Person\",\n\t            \"@id\": \"http:\/\/www.ecrins-photo.fr\/blog\/#\/schema\/person\/2bbc81449f5b460c3aef06fdb4ee5dff\",\n\t            \"name\": \"Julien\",\n\t            \"image\": {\n\t                \"@type\": \"ImageObject\",\n\t                \"@id\": \"http:\/\/www.ecrins-photo.fr\/blog\/#personlogo\",\n\t                \"inLanguage\": \"fr-FR\",\n\t                \"url\": \"http:\/\/2.gravatar.com\/avatar\/bf0a415254a3097ff0def61e186455b3?s=96&d=mm&r=g\",\n\t                \"contentUrl\": \"http:\/\/2.gravatar.com\/avatar\/bf0a415254a3097ff0def61e186455b3?s=96&d=mm&r=g\",\n\t                \"caption\": \"Julien\"\n\t            },\n\t            \"sameAs\": [\n\t                \"http:\/\/www.ecrins-photo.fr\/\"\n\t            ]\n\t        }\n\t    ]\n\t}<\/script>\n<!-- \/ Yoast SEO plugin. -->","yoast_head_json":{"description":"Les parades nocturnes rythment les f\u00eates \u00e0 la tomb\u00e9 de la nuit, sous les lumi\u00e8res des spots et des r\u00e9verb\u00e8res, les voiliers s'\u00e9clairent d'un nouveau jour.","robots":{"index":"index","follow":"follow","max-snippet":"max-snippet:-1","max-image-preview":"max-image-preview:large","max-video-preview":"max-video-preview:-1"},"canonical":"https:\/\/www.ecrins-photo.fr\/blog\/fete-maritime-de-brest-2016-nocturne\/","og_locale":"fr_FR","og_type":"article","og_title":"F\u00eate maritime de Brest 2016, nocturne - L&#039;Ecrins Photo, le blog","og_description":"Les parades nocturnes rythment les f\u00eates \u00e0 la tomb\u00e9 de la nuit, sous les lumi\u00e8res des spots et des r\u00e9verb\u00e8res, les voiliers s'\u00e9clairent d'un nouveau jour.","og_url":"https:\/\/www.ecrins-photo.fr\/blog\/fete-maritime-de-brest-2016-nocturne\/","og_site_name":"L&#039;Ecrins Photo, le blog","article_publisher":"https:\/\/www.facebook.com\/LEcrins-Photo-photographie-362218033868644\/","article_published_time":"2016-07-24T20:11:19+00:00","article_modified_time":"2020-02-09T11:27:11+00:00","og_image":[{"url":"http:\/\/www.ecrins-photo.fr\/blog\/wp-content\/uploads\/2016\/07\/port-brest2016-ecrins-photo-200x200.jpg"}],"twitter_card":"summary","twitter_misc":{"\u00c9crit par":"Julien","Dur\u00e9e de lecture estim\u00e9e":"1 minute"},"schema":{"@context":"https:\/\/schema.org","@graph":[{"@type":"WebSite","@id":"http:\/\/www.ecrins-photo.fr\/blog\/#website","url":"http:\/\/www.ecrins-photo.fr\/blog\/","name":"L&#039;Ecrins Photo, le blog","description":"Le blog de L&#039;Ecrins-Photo","potentialAction":[{"@type":"SearchAction","target":{"@type":"EntryPoint","urlTemplate":"http:\/\/www.ecrins-photo.fr\/blog\/?s={search_term_string}"},"query-input":"required name=search_term_string"}],"inLanguage":"fr-FR"},{"@type":"ImageObject","@id":"https:\/\/www.ecrins-photo.fr\/blog\/fete-maritime-de-brest-2016-nocturne\/#primaryimage","inLanguage":"fr-FR","url":"\/blog\/wp-content\/uploads\/2016\/07\/belem-santa-maria1-brest2016-ecrins-photo.jpg","contentUrl":"\/blog\/wp-content\/uploads\/2016\/07\/belem-santa-maria1-brest2016-ecrins-photo.jpg"},{"@type":"WebPage","@id":"https:\/\/www.ecrins-photo.fr\/blog\/fete-maritime-de-brest-2016-nocturne\/#webpage","url":"https:\/\/www.ecrins-photo.fr\/blog\/fete-maritime-de-brest-2016-nocturne\/","name":"F\u00eate maritime de Brest 2016, nocturne - L&#039;Ecrins Photo, le blog","isPartOf":{"@id":"http:\/\/www.ecrins-photo.fr\/blog\/#website"},"primaryImageOfPage":{"@id":"https:\/\/www.ecrins-photo.fr\/blog\/fete-maritime-de-brest-2016-nocturne\/#primaryimage"},"datePublished":"2016-07-24T20:11:19+00:00","dateModified":"2020-02-09T11:27:11+00:00","author":{"@id":"http:\/\/www.ecrins-photo.fr\/blog\/#\/schema\/person\/2bbc81449f5b460c3aef06fdb4ee5dff"},"description":"Les parades nocturnes rythment les f\u00eates \u00e0 la tomb\u00e9 de la nuit, sous les lumi\u00e8res des spots et des r\u00e9verb\u00e8res, les voiliers s'\u00e9clairent d'un nouveau jour.","breadcrumb":{"@id":"https:\/\/www.ecrins-photo.fr\/blog\/fete-maritime-de-brest-2016-nocturne\/#breadcrumb"},"inLanguage":"fr-FR","potentialAction":[{"@type":"ReadAction","target":["https:\/\/www.ecrins-photo.fr\/blog\/fete-maritime-de-brest-2016-nocturne\/"]}]},{"@type":"BreadcrumbList","@id":"https:\/\/www.ecrins-photo.fr\/blog\/fete-maritime-de-brest-2016-nocturne\/#breadcrumb","itemListElement":[{"@type":"ListItem","position":1,"name":"Accueil","item":"http:\/\/www.ecrins-photo.fr\/blog\/"},{"@type":"ListItem","position":2,"name":"F\u00eate maritime de Brest 2016, nocturne"}]},{"@type":"Person","@id":"http:\/\/www.ecrins-photo.fr\/blog\/#\/schema\/person\/2bbc81449f5b460c3aef06fdb4ee5dff","name":"Julien","image":{"@type":"ImageObject","@id":"http:\/\/www.ecrins-photo.fr\/blog\/#personlogo","inLanguage":"fr-FR","url":"http:\/\/2.gravatar.com\/avatar\/bf0a415254a3097ff0def61e186455b3?s=96&d=mm&r=g","contentUrl":"http:\/\/2.gravatar.com\/avatar\/bf0a415254a3097ff0def61e186455b3?s=96&d=mm&r=g","caption":"Julien"},"sameAs":["http:\/\/www.ecrins-photo.fr\/"]}]}},"_links":{"self":[{"href":"http:\/\/www.ecrins-photo.fr\/blog\/wp-json\/wp\/v2\/posts\/272"}],"collection":[{"href":"http:\/\/www.ecrins-photo.fr\/blog\/wp-json\/wp\/v2\/posts"}],"about":[{"href":"http:\/\/www.ecrins-photo.fr\/blog\/wp-json\/wp\/v2\/types\/post"}],"author":[{"embeddable":true,"href":"http:\/\/www.ecrins-photo.fr\/blog\/wp-json\/wp\/v2\/users\/1"}],"replies":[{"embeddable":true,"href":"http:\/\/www.ecrins-photo.fr\/blog\/wp-json\/wp\/v2\/comments?post=272"}],"version-history":[{"count":14,"href":"http:\/\/www.ecrins-photo.fr\/blog\/wp-json\/wp\/v2\/posts\/272\/revisions"}],"predecessor-version":[{"id":414,"href":"http:\/\/www.ecrins-photo.fr\/blog\/wp-json\/wp\/v2\/posts\/272\/revisions\/414"}],"wp:attachment":[{"href":"http:\/\/www.ecrins-photo.fr\/blog\/wp-json\/wp\/v2\/media?parent=272"}],"wp:term":[{"taxonomy":"category","embeddable":true,"href":"http:\/\/www.ecrins-photo.fr\/blog\/wp-json\/wp\/v2\/categories?post=272"},{"taxonomy":"post_tag","embeddable":true,"href":"http:\/\/www.ecrins-photo.fr\/blog\/wp-json\/wp\/v2\/tags?post=272"}],"curies":[{"name":"wp","href":"https:\/\/api.w.org\/{rel}","templated":true}]}}