{"id":232,"date":"2016-07-23T21:45:17","date_gmt":"2016-07-23T20:45:17","guid":{"rendered":"http:\/\/www.ecrins-photo.fr\/blog\/?p=232"},"modified":"2020-02-09T12:29:40","modified_gmt":"2020-02-09T11:29:40","slug":"fete-maritime-de-brest-2016-les-quais","status":"publish","type":"post","link":"http:\/\/www.ecrins-photo.fr\/blog\/fete-maritime-de-brest-2016-les-quais\/","title":{"rendered":"F\u00eate maritime de Brest 2016, sur les quais"},"content":{"rendered":"<p>Tous les quatre ans, <span class=\"spellver\" title=\"Pr\u00eats, Preste, Presto, Brait, Brais\u00e2t, Press\u00e2t, Prestes, Pr\u00e9sent, Braient\">Brest<\/span> f\u00eate la mer et les bateaux, retour sur cette f\u00eate !<\/p>\n<div class=\"_Ejb\">\n<div id=\"tw-target\">\n<div id=\"tw-target-text-container\" class=\"tw-ta-container tw-nfl\">\n<pre id=\"tw-target-text\" class=\"tw-data-text vk_txt tw-ta tw-text-small\" dir=\"ltr\" data-fulltext=\"\" data-placeholder=\"Traduction\"><span style=\"color: #999999;\"><em><span lang=\"en\">Every four years , Brest celebrates the sea and boats , return to this party!<\/span><\/em><\/span><\/pre>\n<\/div>\n<\/div>\n<\/div>\n<p><a href=\"\/blog\/wp-content\/uploads\/2016\/07\/fete-brest2016-ecrins-photo.jpg\" rel=\"lightbox[232]\"><img loading=\"lazy\" class=\"aligncenter wp-image-234 size-full\" title=\"La penfeld pendant les f\u00eates maritime de brest\" src=\"\/blog\/wp-content\/uploads\/2016\/07\/fete-brest2016-ecrins-photo.jpg\" alt=\"La penfeld pendant les f\u00eates maritime de brest\" width=\"1400\" height=\"509\" srcset=\"http:\/\/www.ecrins-photo.fr\/blog\/wp-content\/uploads\/2016\/07\/fete-brest2016-ecrins-photo.jpg 1400w, http:\/\/www.ecrins-photo.fr\/blog\/wp-content\/uploads\/2016\/07\/fete-brest2016-ecrins-photo-700x255.jpg 700w, http:\/\/www.ecrins-photo.fr\/blog\/wp-content\/uploads\/2016\/07\/fete-brest2016-ecrins-photo-950x345.jpg 950w\" sizes=\"(max-width: 1400px) 100vw, 1400px\" \/><\/a><\/p>\n<p>Des chiffres \u00e0 faire tourner les t\u00eates.<\/p>\n<p>Plus de 1000 bateaux, 700000 visiteurs, les f\u00eates maritimes se sont termin\u00e9es mardi 19 juillet 2016 apr\u00e8s <span class=\"ver\" title=\"Normalement, cet adjectif se place devant le nom, par ex.: &lt;i&gt;Quelle &lt;b&gt;vieille&lt;\/b&gt; maison!&lt;\/i&gt;\">la traditionnelle grande<\/span> parade voyant la flotte quitter la rade de <span class=\"spellver\" title=\"Pr\u00eats, Preste, Presto, Brait, Brais\u00e2t, Press\u00e2t, Prestes, Pr\u00e9sent, Braient\">Brest,<\/span> passant aux abords des Phares de <span class=\"spellver\" title=\"Portier, Porcin, Portique, Porcins, Bortsch, Portiques\">Portzic,<\/span> du Petit Minou et de <span class=\"spellver\" title=\"T'\u00e9linguer, T'\u00e9lingue, T'\u00e9lingu\u00e9, T'\u00e9lingues, T'\u00e9lingu\u00e9s, Bourlinguer, Bourlingue, Bourlingu\u00e9, Trilingue, Moulinet, Bourlingues, Trilingues, D'\u00e9linguer, Moujingue, Poudingue, T'\u00e9linguez, T'\u00e9lingu\u00e9e\">Toulinguet,<\/span> devant l&rsquo;anse de <span class=\"spellver\" title=\"Cabaret, Camarde, Camardes, Camard, Samare, Canarder, Amarre, Amarr\u00e9, Amarrer, Camards, Canarde, Canard\u00e9, Samares, Ramarre, Ramarr\u00e9, Canardes, Canard\u00e9s, Amarres, Amarr\u00e9s, Carrare, Cathare, Gammare, D'amarre, J'amarre, L'amarre, M'amarre, N'amarre, Qu'amarre, S'amarre, T'amarre, Qu'amarrer, Qu'amarres\">Camaret<\/span> et traversant les majestueux tas de pois de la <span class=\"ver\" title=\"En fran\u00e7ais, le mot &lt;i&gt;pointe&lt;\/i&gt; veut dire &quot;extremity&quot;, par ex.: &lt;i&gt;la pointe du stylo&lt;\/i&gt;. Si vous voulez dire &quot;point in time&quot;, \u00e9crivez &lt;i&gt;moment&lt;\/i&gt;, si vous voulez dire &quot;to point at&quot;, \u00e9crivez &lt;i&gt;montrer du doigt&lt;\/i&gt;, si vous voulez dire &quot;topic&quot;, \u00e9crivez &lt;i&gt;sujet&lt;\/i&gt;.\">Pointe<\/span> de <span class=\"spellver\" title=\"Penne, Penny, Penn\u00e9, Penon, P\u00eane, P\u00e9an, P\u00e9on, Pend\">Penn<\/span> <span class=\"spellver\" title=\"Hoir, Ha\u00efr, Hie, Hier, Hi, Kir, Mir, Sir, Tir, Air, Hic\">Hir<\/span> avant de terminer <span class=\"ver\" title=\"Il est fort probable que ce mot doit \u00eatre au pluriel, par ex.: &lt;i&gt;les personne&lt;b&gt;s&lt;\/b&gt;&lt;\/i&gt; (ou bien que le premier mot doit \u00eatre au singulier).\">leurs route<\/span> vers <span class=\"spellver\" title=\"\">Douarnenez<\/span> pour de nouveau jour de f\u00eate !<\/p>\n<p><span class=\"spellver\" title=\"Pr\u00eats, Preste, Presto, Brait, Brais\u00e2t, Press\u00e2t, Prestes, Pr\u00e9sent, Braient\">Brest<\/span> 2016 c&rsquo;\u00e9tait, une m\u00e9t\u00e9o idyllique, une ambiance festive avec pl\u00e9thore de groupe de musique r\u00e9partis sur les 8km de quai pour que la f\u00eate soit belle, de tr\u00e8s belle rencontre (ils <span class=\"ver\" title=\"\">se reconnaitrons<\/span> \u00e0 coup sur) et bien s\u00fbre, qu&rsquo;il soit de m\u00e9tal, de bois ou de plastique, des bateaux de toutes \u00e9poques, de toutes tailles et de toutes formes.<\/p>\n<p>Un spectacle magique entre ciel, terre et mer.<\/p>\n<p>Vivez ou revivez au travers des photos les f\u00eates de <span class=\"spellver\" title=\"Pr\u00eats, Preste, Presto, Brait, Brais\u00e2t, Press\u00e2t, Prestes, Pr\u00e9sent, Braient\">Brest<\/span> 2016.<\/p>\n<div class=\"_Ejb\">\n<div id=\"tw-target\">\n<div id=\"tw-target-text-container\" class=\"tw-ta-container tw-nfl\">\n<pre id=\"tw-target-text\" class=\"tw-data-text vk_txt tw-ta tw-text-small\" dir=\"ltr\" data-fulltext=\"\" data-placeholder=\"Traduction\"><span lang=\"en\" style=\"color: #999999;\">Number of heads turn...\r\n\r\nMore than 1,000 ships, 700,000 attendance , Brest festivals are finished on Tuesday, July 19, 2016 after the traditional Big Parade saw the fleet leaving  Brest harbor , passing the outskirts of Portzic lighthouse, Petit Minou and Toulinguet before the cove Camaret and through the majestic Heap of peas of the Penn Hir Point before finishing their route to Douarnenez for new festival !\r\n\r\nBrest 2016 It was idyllic weather, festive atmosphere with a lot of music band distributed over 8 km of quay to let the party either beautiful, very beautiful meeting (the will recognize for sure) and well sure, whether he is of metal, wood or plastic, whatever the time or the size, fantastic ship to be discovered or rediscover\r\n\r\nA magical spectacle in the sky, land and sea.\r\n\r\nLive or relive the Brest festival 2016 with this pictures.<\/span><\/pre>\n<\/div>\n<\/div>\n<\/div>\n<div id='gallery-1' class='gallery galleryid-232 gallery-columns-3 gallery-size-thumbnail'><dl class='gallery-item'>\n\t\t\t<dt class='gallery-icon landscape'>\n\t\t\t\t<a href='http:\/\/www.ecrins-photo.fr\/blog\/wp-content\/uploads\/2016\/07\/greement-traditionnel-brest2016-ecrins-photo.jpg' rel=\"lightbox[232]\"><img width=\"200\" height=\"200\" src=\"http:\/\/www.ecrins-photo.fr\/blog\/wp-content\/uploads\/2016\/07\/greement-traditionnel-brest2016-ecrins-photo-200x200.jpg\" class=\"attachment-thumbnail size-thumbnail\" alt=\"\" loading=\"lazy\" aria-describedby=\"gallery-1-236\" \/><\/a>\n\t\t\t<\/dt>\n\t\t\t\t<dd class='wp-caption-text gallery-caption' id='gallery-1-236'>\n\t\t\t\tDuo de Langoustier avec le sloop Cap Sizun et dund\u00e9e Skellig\n\t\t\t\t<\/dd><\/dl><dl class='gallery-item'>\n\t\t\t<dt class='gallery-icon landscape'>\n\t\t\t\t<a href='http:\/\/www.ecrins-photo.fr\/blog\/wp-content\/uploads\/2016\/07\/greement-hollandais-brest2016-ecrins-photo.jpg' rel=\"lightbox[232]\"><img width=\"200\" height=\"200\" src=\"http:\/\/www.ecrins-photo.fr\/blog\/wp-content\/uploads\/2016\/07\/greement-hollandais-brest2016-ecrins-photo-200x200.jpg\" class=\"attachment-thumbnail size-thumbnail\" alt=\"Gr\u00e9ement Hollandais\" loading=\"lazy\" aria-describedby=\"gallery-1-237\" srcset=\"http:\/\/www.ecrins-photo.fr\/blog\/wp-content\/uploads\/2016\/07\/greement-hollandais-brest2016-ecrins-photo-200x200.jpg 200w, http:\/\/www.ecrins-photo.fr\/blog\/wp-content\/uploads\/2016\/07\/greement-hollandais-brest2016-ecrins-photo-500x500.jpg 500w, http:\/\/www.ecrins-photo.fr\/blog\/wp-content\/uploads\/2016\/07\/greement-hollandais-brest2016-ecrins-photo.jpg 600w\" sizes=\"(max-width: 200px) 100vw, 200px\" \/><\/a>\n\t\t\t<\/dt>\n\t\t\t\t<dd class='wp-caption-text gallery-caption' id='gallery-1-237'>\n\t\t\t\tGr\u00e9ement hollandais au f\u00eate maritime de Brest\n\t\t\t\t<\/dd><\/dl><dl class='gallery-item'>\n\t\t\t<dt class='gallery-icon portrait'>\n\t\t\t\t<a href='http:\/\/www.ecrins-photo.fr\/blog\/wp-content\/uploads\/2016\/07\/bagad-brest2016-ecrins-photo.jpg' rel=\"lightbox[232]\"><img width=\"200\" height=\"200\" src=\"http:\/\/www.ecrins-photo.fr\/blog\/wp-content\/uploads\/2016\/07\/bagad-brest2016-ecrins-photo-200x200.jpg\" class=\"attachment-thumbnail size-thumbnail\" alt=\"Les Sonerien Lann-Bihou\u00e9\" loading=\"lazy\" aria-describedby=\"gallery-1-243\" \/><\/a>\n\t\t\t<\/dt>\n\t\t\t\t<dd class='wp-caption-text gallery-caption' id='gallery-1-243'>\n\t\t\t\tLes Sonerien Lann-Bihou\u00e9\n\t\t\t\t<\/dd><\/dl><br style=\"clear: both\" \/><dl class='gallery-item'>\n\t\t\t<dt class='gallery-icon landscape'>\n\t\t\t\t<a href='http:\/\/www.ecrins-photo.fr\/blog\/wp-content\/uploads\/2016\/07\/peche-brest2016-ecrins-photo.jpg' rel=\"lightbox[232]\"><img width=\"200\" height=\"200\" src=\"http:\/\/www.ecrins-photo.fr\/blog\/wp-content\/uploads\/2016\/07\/peche-brest2016-ecrins-photo-200x200.jpg\" class=\"attachment-thumbnail size-thumbnail\" alt=\"Le Damocles et Richard Marika\" loading=\"lazy\" aria-describedby=\"gallery-1-256\" \/><\/a>\n\t\t\t<\/dt>\n\t\t\t\t<dd class='wp-caption-text gallery-caption' id='gallery-1-256'>\n\t\t\t\tLe Damocles et  Richard Marika\n\t\t\t\t<\/dd><\/dl><dl class='gallery-item'>\n\t\t\t<dt class='gallery-icon portrait'>\n\t\t\t\t<a href='http:\/\/www.ecrins-photo.fr\/blog\/wp-content\/uploads\/2016\/07\/musique-brest2016-ecrins-photo.jpg' rel=\"lightbox[232]\"><img width=\"200\" height=\"200\" src=\"http:\/\/www.ecrins-photo.fr\/blog\/wp-content\/uploads\/2016\/07\/musique-brest2016-ecrins-photo-200x200.jpg\" class=\"attachment-thumbnail size-thumbnail\" alt=\"Un peut de musique, \u00e7a vous dis ?\" loading=\"lazy\" aria-describedby=\"gallery-1-239\" \/><\/a>\n\t\t\t<\/dt>\n\t\t\t\t<dd class='wp-caption-text gallery-caption' id='gallery-1-239'>\n\t\t\t\tUn petit Bagad, \u00e7a vous dis ?\n\t\t\t\t<\/dd><\/dl><dl class='gallery-item'>\n\t\t\t<dt class='gallery-icon landscape'>\n\t\t\t\t<a href='http:\/\/www.ecrins-photo.fr\/blog\/wp-content\/uploads\/2016\/07\/snsm-brest2016-ecrins-photo.jpg' rel=\"lightbox[232]\"><img width=\"200\" height=\"200\" src=\"http:\/\/www.ecrins-photo.fr\/blog\/wp-content\/uploads\/2016\/07\/snsm-brest2016-ecrins-photo-200x200.jpg\" class=\"attachment-thumbnail size-thumbnail\" alt=\"La SNSM pr\u00e9sente ses bateaux\" loading=\"lazy\" aria-describedby=\"gallery-1-242\" \/><\/a>\n\t\t\t<\/dt>\n\t\t\t\t<dd class='wp-caption-text gallery-caption' id='gallery-1-242'>\n\t\t\t\tLa SNSM pr\u00e9sente ses bateaux sous la recouvrance\n\t\t\t\t<\/dd><\/dl><br style=\"clear: both\" \/><dl class='gallery-item'>\n\t\t\t<dt class='gallery-icon landscape'>\n\t\t\t\t<a href='http:\/\/www.ecrins-photo.fr\/blog\/wp-content\/uploads\/2016\/07\/proue-hollandaise-brest2016-ecrins-photo.jpg' rel=\"lightbox[232]\"><img width=\"200\" height=\"200\" src=\"http:\/\/www.ecrins-photo.fr\/blog\/wp-content\/uploads\/2016\/07\/proue-hollandaise-brest2016-ecrins-photo-200x200.jpg\" class=\"attachment-thumbnail size-thumbnail\" alt=\"Jeux de proue Hollandaise\" loading=\"lazy\" aria-describedby=\"gallery-1-241\" \/><\/a>\n\t\t\t<\/dt>\n\t\t\t\t<dd class='wp-caption-text gallery-caption' id='gallery-1-241'>\n\t\t\t\tJeux de proue autour des bateaux hollandais, invit\u00e9 d&rsquo;honneur des f\u00eates de Brest 2016\n\t\t\t\t<\/dd><\/dl><dl class='gallery-item'>\n\t\t\t<dt class='gallery-icon portrait'>\n\t\t\t\t<a href='http:\/\/www.ecrins-photo.fr\/blog\/wp-content\/uploads\/2016\/07\/guilp-brest2016-ecrins-photo.jpg' rel=\"lightbox[232]\"><img width=\"200\" height=\"200\" src=\"http:\/\/www.ecrins-photo.fr\/blog\/wp-content\/uploads\/2016\/07\/guilp-brest2016-ecrins-photo-200x200.jpg\" class=\"attachment-thumbnail size-thumbnail\" alt=\"\" loading=\"lazy\" aria-describedby=\"gallery-1-255\" \/><\/a>\n\t\t\t<\/dt>\n\t\t\t\t<dd class='wp-caption-text gallery-caption' id='gallery-1-255'>\n\t\t\t\tChantier du Guip\n\t\t\t\t<\/dd><\/dl><dl class='gallery-item'>\n\t\t\t<dt class='gallery-icon portrait'>\n\t\t\t\t<a href='http:\/\/www.ecrins-photo.fr\/blog\/wp-content\/uploads\/2016\/07\/ventilator-brest2016-ecrins-photo.jpg' rel=\"lightbox[232]\"><img width=\"200\" height=\"200\" src=\"http:\/\/www.ecrins-photo.fr\/blog\/wp-content\/uploads\/2016\/07\/ventilator-brest2016-ecrins-photo-200x200.jpg\" class=\"attachment-thumbnail size-thumbnail\" alt=\"Ventilator...\" loading=\"lazy\" aria-describedby=\"gallery-1-257\" \/><\/a>\n\t\t\t<\/dt>\n\t\t\t\t<dd class='wp-caption-text gallery-caption' id='gallery-1-257'>\n\t\t\t\tVentilator&#8230;\n\t\t\t\t<\/dd><\/dl><br style=\"clear: both\" \/><dl class='gallery-item'>\n\t\t\t<dt class='gallery-icon landscape'>\n\t\t\t\t<a href='http:\/\/www.ecrins-photo.fr\/blog\/wp-content\/uploads\/2016\/07\/sedov-brest2016-ecrins-photo.jpg' rel=\"lightbox[232]\"><img width=\"200\" height=\"200\" src=\"http:\/\/www.ecrins-photo.fr\/blog\/wp-content\/uploads\/2016\/07\/sedov-brest2016-ecrins-photo-200x200.jpg\" class=\"attachment-thumbnail size-thumbnail\" alt=\"Le SEDOV\" loading=\"lazy\" aria-describedby=\"gallery-1-259\" \/><\/a>\n\t\t\t<\/dt>\n\t\t\t\t<dd class='wp-caption-text gallery-caption' id='gallery-1-259'>\n\t\t\t\tLe SEDOV, l&rsquo;un des plus grand voilier au monde\n\t\t\t\t<\/dd><\/dl><dl class='gallery-item'>\n\t\t\t<dt class='gallery-icon landscape'>\n\t\t\t\t<a href='http:\/\/www.ecrins-photo.fr\/blog\/wp-content\/uploads\/2016\/07\/thalassa-brest2016-ecrins-photo.jpg' rel=\"lightbox[232]\"><img width=\"200\" height=\"200\" src=\"http:\/\/www.ecrins-photo.fr\/blog\/wp-content\/uploads\/2016\/07\/thalassa-brest2016-ecrins-photo-200x200.jpg\" class=\"attachment-thumbnail size-thumbnail\" alt=\"Thalassa de l&#039;IFREMER\" loading=\"lazy\" aria-describedby=\"gallery-1-258\" \/><\/a>\n\t\t\t<\/dt>\n\t\t\t\t<dd class='wp-caption-text gallery-caption' id='gallery-1-258'>\n\t\t\t\tThalassa de l&rsquo;IFREMER\n\t\t\t\t<\/dd><\/dl><dl class='gallery-item'>\n\t\t\t<dt class='gallery-icon landscape'>\n\t\t\t\t<a href='http:\/\/www.ecrins-photo.fr\/blog\/wp-content\/uploads\/2016\/07\/frem-brest2016-ecrins-photo.jpg' rel=\"lightbox[232]\"><img width=\"200\" height=\"200\" src=\"http:\/\/www.ecrins-photo.fr\/blog\/wp-content\/uploads\/2016\/07\/frem-brest2016-ecrins-photo-200x200.jpg\" class=\"attachment-thumbnail size-thumbnail\" alt=\"FREM aquitaine\" loading=\"lazy\" aria-describedby=\"gallery-1-266\" \/><\/a>\n\t\t\t<\/dt>\n\t\t\t\t<dd class='wp-caption-text gallery-caption' id='gallery-1-266'>\n\t\t\t\tFREM aquitaine\n\t\t\t\t<\/dd><\/dl><br style=\"clear: both\" \/><dl class='gallery-item'>\n\t\t\t<dt class='gallery-icon portrait'>\n\t\t\t\t<a href='http:\/\/www.ecrins-photo.fr\/blog\/wp-content\/uploads\/2016\/07\/cuauatemoc-brest2016-ecrins-photo.jpg' rel=\"lightbox[232]\"><img width=\"200\" height=\"200\" src=\"http:\/\/www.ecrins-photo.fr\/blog\/wp-content\/uploads\/2016\/07\/cuauatemoc-brest2016-ecrins-photo-200x200.jpg\" class=\"attachment-thumbnail size-thumbnail\" alt=\"Le Cuauht\u00e9moc\" loading=\"lazy\" aria-describedby=\"gallery-1-253\" \/><\/a>\n\t\t\t<\/dt>\n\t\t\t\t<dd class='wp-caption-text gallery-caption' id='gallery-1-253'>\n\t\t\t\tLe Cuauht\u00e9moc \n\t\t\t\t<\/dd><\/dl><dl class='gallery-item'>\n\t\t\t<dt class='gallery-icon portrait'>\n\t\t\t\t<a href='http:\/\/www.ecrins-photo.fr\/blog\/wp-content\/uploads\/2016\/07\/belem-brest2016-ecrins-photo.jpg' rel=\"lightbox[232]\"><img width=\"200\" height=\"200\" src=\"http:\/\/www.ecrins-photo.fr\/blog\/wp-content\/uploads\/2016\/07\/belem-brest2016-ecrins-photo-200x200.jpg\" class=\"attachment-thumbnail size-thumbnail\" alt=\"Le Belem\" loading=\"lazy\" aria-describedby=\"gallery-1-261\" \/><\/a>\n\t\t\t<\/dt>\n\t\t\t\t<dd class='wp-caption-text gallery-caption' id='gallery-1-261'>\n\t\t\t\tLe Belem\n\t\t\t\t<\/dd><\/dl><dl class='gallery-item'>\n\t\t\t<dt class='gallery-icon landscape'>\n\t\t\t\t<a href='http:\/\/www.ecrins-photo.fr\/blog\/wp-content\/uploads\/2016\/07\/hermione-brest2016-ecrins-photo.jpg' rel=\"lightbox[232]\"><img width=\"200\" height=\"200\" src=\"http:\/\/www.ecrins-photo.fr\/blog\/wp-content\/uploads\/2016\/07\/hermione-brest2016-ecrins-photo-200x200.jpg\" class=\"attachment-thumbnail size-thumbnail\" alt=\"L&#039;Hermione sous le fort de Brest\" loading=\"lazy\" aria-describedby=\"gallery-1-238\" \/><\/a>\n\t\t\t<\/dt>\n\t\t\t\t<dd class='wp-caption-text gallery-caption' id='gallery-1-238'>\n\t\t\t\tL&rsquo;Hermione sous le fort de Brest au f\u00eate maritime Brest 2016\n\t\t\t\t<\/dd><\/dl><br style=\"clear: both\" \/>\n\t\t<\/div>\n\n<p>Le cr\u00e9puscule pointe&#8230;<\/p>\n<div class=\"_Ejb\">\n<div id=\"tw-target\">\n<div id=\"tw-target-text-container\" class=\"tw-ta-container tw-nfl\">\n<pre id=\"tw-target-text\" class=\"tw-data-text vk_txt tw-ta tw-text-medium\" dir=\"ltr\" data-fulltext=\"\" data-placeholder=\"Traduction\"><span lang=\"en\" style=\"color: #999999;\">The twilight point<\/span><\/pre>\n<\/div>\n<\/div>\n<\/div>\n<p><a href=\"\/blog\/wp-content\/uploads\/2016\/07\/penfeld-brest2016-ecrins-photo.jpg\" rel=\"lightbox[232]\"><img loading=\"lazy\" class=\"alignnone wp-image-240 size-full\" title=\"La penfeld au cr\u00e9puscule pendant les f\u00eates maritime de brest\" src=\"\/blog\/wp-content\/uploads\/2016\/07\/penfeld-brest2016-ecrins-photo.jpg\" alt=\"La penfeld au cr\u00e9puscule pendant les f\u00eates maritime de brest\" width=\"1600\" height=\"582\" srcset=\"http:\/\/www.ecrins-photo.fr\/blog\/wp-content\/uploads\/2016\/07\/penfeld-brest2016-ecrins-photo.jpg 1600w, http:\/\/www.ecrins-photo.fr\/blog\/wp-content\/uploads\/2016\/07\/penfeld-brest2016-ecrins-photo-700x255.jpg 700w, http:\/\/www.ecrins-photo.fr\/blog\/wp-content\/uploads\/2016\/07\/penfeld-brest2016-ecrins-photo-950x346.jpg 950w\" sizes=\"(max-width: 1600px) 100vw, 1600px\" \/><\/a><\/p>\n<p>Rendez vous au prochaine \u00e9pisode quand la nuit tombe sur la rade&#8230;<\/p>\n<div class=\"_Ejb\">\n<div id=\"tw-target\">\n<div id=\"tw-target-text-container\" class=\"tw-ta-container tw-nfl\">\n<pre id=\"tw-target-text\" class=\"tw-data-text vk_txt tw-ta tw-text-small\" dir=\"ltr\" data-fulltext=\"\" data-placeholder=\"Traduction\"><span lang=\"en\" style=\"color: #999999;\">Go to the next episode when night falls over the harbor ...<\/span><\/pre>\n<\/div>\n<\/div>\n<\/div>\n","protected":false},"excerpt":{"rendered":"<p>Tous les quatre ans, Brest f\u00eate la mer et les bateaux, retour sur cette f\u00eate ! Every four years , Brest celebrates the sea and boats , return to this party! Des chiffres \u00e0 faire tourner les t\u00eates. Plus de 1000 bateaux, 700000 visiteurs, les f\u00eates maritimes se sont termin\u00e9es mardi 19 juillet 2016 apr\u00e8s [&hellip;]<\/p>\n","protected":false},"author":1,"featured_media":0,"comment_status":"open","ping_status":"open","sticky":false,"template":"","format":"standard","meta":{"_exactmetrics_skip_tracking":false,"_exactmetrics_sitenote_active":false,"_exactmetrics_sitenote_note":"","_exactmetrics_sitenote_category":0},"categories":[131],"tags":[41,48,39,14,15,47,13,46,45,43,40],"yoast_head":"<!-- This site is optimized with the Yoast SEO plugin v17.9 - https:\/\/yoast.com\/wordpress\/plugins\/seo\/ -->\n<meta name=\"description\" content=\"Tous les quatre ans, Brest f\u00eate la mer et les bateaux, les f\u00eate maritime de brest, c&#039;est des milliers de voilier, des marins du monde entier\" \/>\n<meta name=\"robots\" content=\"index, follow, max-snippet:-1, max-image-preview:large, max-video-preview:-1\" \/>\n<link rel=\"canonical\" href=\"https:\/\/www.ecrins-photo.fr\/blog\/fete-maritime-de-brest-2016-les-quais\/\" \/>\n<meta property=\"og:locale\" content=\"fr_FR\" \/>\n<meta property=\"og:type\" content=\"article\" \/>\n<meta property=\"og:title\" content=\"F\u00eate maritime de Brest 2016, sur les quais - L&#039;Ecrins Photo, le blog\" \/>\n<meta property=\"og:description\" content=\"Tous les quatre ans, Brest f\u00eate la mer et les bateaux, les f\u00eate maritime de brest, c&#039;est des milliers de voilier, des marins du monde entier\" \/>\n<meta property=\"og:url\" content=\"https:\/\/www.ecrins-photo.fr\/blog\/fete-maritime-de-brest-2016-les-quais\/\" \/>\n<meta property=\"og:site_name\" content=\"L&#039;Ecrins Photo, le blog\" \/>\n<meta property=\"article:publisher\" content=\"https:\/\/www.facebook.com\/LEcrins-Photo-photographie-362218033868644\/\" \/>\n<meta property=\"article:published_time\" content=\"2016-07-23T20:45:17+00:00\" \/>\n<meta property=\"article:modified_time\" content=\"2020-02-09T11:29:40+00:00\" \/>\n<meta property=\"og:image\" content=\"https:\/\/www.ecrins-photo.fr\/blog\/wp-content\/uploads\/2016\/07\/greement-traditionnel-brest2016-ecrins-photo-200x200.jpg\" \/>\n<meta name=\"twitter:card\" content=\"summary\" \/>\n<meta name=\"twitter:label1\" content=\"\u00c9crit par\" \/>\n\t<meta name=\"twitter:data1\" content=\"Julien\" \/>\n\t<meta name=\"twitter:label2\" content=\"Dur\u00e9e de lecture estim\u00e9e\" \/>\n\t<meta name=\"twitter:data2\" content=\"2 minutes\" \/>\n<script type=\"application\/ld+json\" class=\"yoast-schema-graph\">{\n\t    \"@context\": \"https:\/\/schema.org\",\n\t    \"@graph\": [\n\t        {\n\t            \"@type\": \"WebSite\",\n\t            \"@id\": \"http:\/\/www.ecrins-photo.fr\/blog\/#website\",\n\t            \"url\": \"http:\/\/www.ecrins-photo.fr\/blog\/\",\n\t            \"name\": \"L&#039;Ecrins Photo, le blog\",\n\t            \"description\": \"Le blog de L&#039;Ecrins-Photo\",\n\t            \"potentialAction\": [\n\t                {\n\t                    \"@type\": \"SearchAction\",\n\t                    \"target\": {\n\t                        \"@type\": \"EntryPoint\",\n\t                        \"urlTemplate\": \"http:\/\/www.ecrins-photo.fr\/blog\/?s={search_term_string}\"\n\t                    },\n\t                    \"query-input\": \"required name=search_term_string\"\n\t                }\n\t            ],\n\t            \"inLanguage\": \"fr-FR\"\n\t        },\n\t        {\n\t            \"@type\": \"ImageObject\",\n\t            \"@id\": \"https:\/\/www.ecrins-photo.fr\/blog\/fete-maritime-de-brest-2016-les-quais\/#primaryimage\",\n\t            \"inLanguage\": \"fr-FR\",\n\t            \"url\": \"\/blog\/wp-content\/uploads\/2016\/07\/fete-brest2016-ecrins-photo.jpg\",\n\t            \"contentUrl\": \"\/blog\/wp-content\/uploads\/2016\/07\/fete-brest2016-ecrins-photo.jpg\"\n\t        },\n\t        {\n\t            \"@type\": \"WebPage\",\n\t            \"@id\": \"https:\/\/www.ecrins-photo.fr\/blog\/fete-maritime-de-brest-2016-les-quais\/#webpage\",\n\t            \"url\": \"https:\/\/www.ecrins-photo.fr\/blog\/fete-maritime-de-brest-2016-les-quais\/\",\n\t            \"name\": \"F\\u00eate maritime de Brest 2016, sur les quais - L&#039;Ecrins Photo, le blog\",\n\t            \"isPartOf\": {\n\t                \"@id\": \"http:\/\/www.ecrins-photo.fr\/blog\/#website\"\n\t            },\n\t            \"primaryImageOfPage\": {\n\t                \"@id\": \"https:\/\/www.ecrins-photo.fr\/blog\/fete-maritime-de-brest-2016-les-quais\/#primaryimage\"\n\t            },\n\t            \"datePublished\": \"2016-07-23T20:45:17+00:00\",\n\t            \"dateModified\": \"2020-02-09T11:29:40+00:00\",\n\t            \"author\": {\n\t                \"@id\": \"http:\/\/www.ecrins-photo.fr\/blog\/#\/schema\/person\/2bbc81449f5b460c3aef06fdb4ee5dff\"\n\t            },\n\t            \"description\": \"Tous les quatre ans, Brest f\\u00eate la mer et les bateaux, les f\\u00eate maritime de brest, c'est des milliers de voilier, des marins du monde entier\",\n\t            \"breadcrumb\": {\n\t                \"@id\": \"https:\/\/www.ecrins-photo.fr\/blog\/fete-maritime-de-brest-2016-les-quais\/#breadcrumb\"\n\t            },\n\t            \"inLanguage\": \"fr-FR\",\n\t            \"potentialAction\": [\n\t                {\n\t                    \"@type\": \"ReadAction\",\n\t                    \"target\": [\n\t                        \"https:\/\/www.ecrins-photo.fr\/blog\/fete-maritime-de-brest-2016-les-quais\/\"\n\t                    ]\n\t                }\n\t            ]\n\t        },\n\t        {\n\t            \"@type\": \"BreadcrumbList\",\n\t            \"@id\": \"https:\/\/www.ecrins-photo.fr\/blog\/fete-maritime-de-brest-2016-les-quais\/#breadcrumb\",\n\t            \"itemListElement\": [\n\t                {\n\t                    \"@type\": \"ListItem\",\n\t                    \"position\": 1,\n\t                    \"name\": \"Accueil\",\n\t                    \"item\": \"http:\/\/www.ecrins-photo.fr\/blog\/\"\n\t                },\n\t                {\n\t                    \"@type\": \"ListItem\",\n\t                    \"position\": 2,\n\t                    \"name\": \"F\\u00eate maritime de Brest 2016, sur les quais\"\n\t                }\n\t            ]\n\t        },\n\t        {\n\t            \"@type\": \"Person\",\n\t            \"@id\": \"http:\/\/www.ecrins-photo.fr\/blog\/#\/schema\/person\/2bbc81449f5b460c3aef06fdb4ee5dff\",\n\t            \"name\": \"Julien\",\n\t            \"image\": {\n\t                \"@type\": \"ImageObject\",\n\t                \"@id\": \"http:\/\/www.ecrins-photo.fr\/blog\/#personlogo\",\n\t                \"inLanguage\": \"fr-FR\",\n\t                \"url\": \"http:\/\/2.gravatar.com\/avatar\/bf0a415254a3097ff0def61e186455b3?s=96&d=mm&r=g\",\n\t                \"contentUrl\": \"http:\/\/2.gravatar.com\/avatar\/bf0a415254a3097ff0def61e186455b3?s=96&d=mm&r=g\",\n\t                \"caption\": \"Julien\"\n\t            },\n\t            \"sameAs\": [\n\t                \"http:\/\/www.ecrins-photo.fr\/\"\n\t            ]\n\t        }\n\t    ]\n\t}<\/script>\n<!-- \/ Yoast SEO plugin. -->","yoast_head_json":{"description":"Tous les quatre ans, Brest f\u00eate la mer et les bateaux, les f\u00eate maritime de brest, c'est des milliers de voilier, des marins du monde entier","robots":{"index":"index","follow":"follow","max-snippet":"max-snippet:-1","max-image-preview":"max-image-preview:large","max-video-preview":"max-video-preview:-1"},"canonical":"https:\/\/www.ecrins-photo.fr\/blog\/fete-maritime-de-brest-2016-les-quais\/","og_locale":"fr_FR","og_type":"article","og_title":"F\u00eate maritime de Brest 2016, sur les quais - L&#039;Ecrins Photo, le blog","og_description":"Tous les quatre ans, Brest f\u00eate la mer et les bateaux, les f\u00eate maritime de brest, c'est des milliers de voilier, des marins du monde entier","og_url":"https:\/\/www.ecrins-photo.fr\/blog\/fete-maritime-de-brest-2016-les-quais\/","og_site_name":"L&#039;Ecrins Photo, le blog","article_publisher":"https:\/\/www.facebook.com\/LEcrins-Photo-photographie-362218033868644\/","article_published_time":"2016-07-23T20:45:17+00:00","article_modified_time":"2020-02-09T11:29:40+00:00","og_image":[{"url":"https:\/\/www.ecrins-photo.fr\/blog\/wp-content\/uploads\/2016\/07\/greement-traditionnel-brest2016-ecrins-photo-200x200.jpg"}],"twitter_card":"summary","twitter_misc":{"\u00c9crit par":"Julien","Dur\u00e9e de lecture estim\u00e9e":"2 minutes"},"schema":{"@context":"https:\/\/schema.org","@graph":[{"@type":"WebSite","@id":"http:\/\/www.ecrins-photo.fr\/blog\/#website","url":"http:\/\/www.ecrins-photo.fr\/blog\/","name":"L&#039;Ecrins Photo, le blog","description":"Le blog de L&#039;Ecrins-Photo","potentialAction":[{"@type":"SearchAction","target":{"@type":"EntryPoint","urlTemplate":"http:\/\/www.ecrins-photo.fr\/blog\/?s={search_term_string}"},"query-input":"required name=search_term_string"}],"inLanguage":"fr-FR"},{"@type":"ImageObject","@id":"https:\/\/www.ecrins-photo.fr\/blog\/fete-maritime-de-brest-2016-les-quais\/#primaryimage","inLanguage":"fr-FR","url":"\/blog\/wp-content\/uploads\/2016\/07\/fete-brest2016-ecrins-photo.jpg","contentUrl":"\/blog\/wp-content\/uploads\/2016\/07\/fete-brest2016-ecrins-photo.jpg"},{"@type":"WebPage","@id":"https:\/\/www.ecrins-photo.fr\/blog\/fete-maritime-de-brest-2016-les-quais\/#webpage","url":"https:\/\/www.ecrins-photo.fr\/blog\/fete-maritime-de-brest-2016-les-quais\/","name":"F\u00eate maritime de Brest 2016, sur les quais - L&#039;Ecrins Photo, le blog","isPartOf":{"@id":"http:\/\/www.ecrins-photo.fr\/blog\/#website"},"primaryImageOfPage":{"@id":"https:\/\/www.ecrins-photo.fr\/blog\/fete-maritime-de-brest-2016-les-quais\/#primaryimage"},"datePublished":"2016-07-23T20:45:17+00:00","dateModified":"2020-02-09T11:29:40+00:00","author":{"@id":"http:\/\/www.ecrins-photo.fr\/blog\/#\/schema\/person\/2bbc81449f5b460c3aef06fdb4ee5dff"},"description":"Tous les quatre ans, Brest f\u00eate la mer et les bateaux, les f\u00eate maritime de brest, c'est des milliers de voilier, des marins du monde entier","breadcrumb":{"@id":"https:\/\/www.ecrins-photo.fr\/blog\/fete-maritime-de-brest-2016-les-quais\/#breadcrumb"},"inLanguage":"fr-FR","potentialAction":[{"@type":"ReadAction","target":["https:\/\/www.ecrins-photo.fr\/blog\/fete-maritime-de-brest-2016-les-quais\/"]}]},{"@type":"BreadcrumbList","@id":"https:\/\/www.ecrins-photo.fr\/blog\/fete-maritime-de-brest-2016-les-quais\/#breadcrumb","itemListElement":[{"@type":"ListItem","position":1,"name":"Accueil","item":"http:\/\/www.ecrins-photo.fr\/blog\/"},{"@type":"ListItem","position":2,"name":"F\u00eate maritime de Brest 2016, sur les quais"}]},{"@type":"Person","@id":"http:\/\/www.ecrins-photo.fr\/blog\/#\/schema\/person\/2bbc81449f5b460c3aef06fdb4ee5dff","name":"Julien","image":{"@type":"ImageObject","@id":"http:\/\/www.ecrins-photo.fr\/blog\/#personlogo","inLanguage":"fr-FR","url":"http:\/\/2.gravatar.com\/avatar\/bf0a415254a3097ff0def61e186455b3?s=96&d=mm&r=g","contentUrl":"http:\/\/2.gravatar.com\/avatar\/bf0a415254a3097ff0def61e186455b3?s=96&d=mm&r=g","caption":"Julien"},"sameAs":["http:\/\/www.ecrins-photo.fr\/"]}]}},"_links":{"self":[{"href":"http:\/\/www.ecrins-photo.fr\/blog\/wp-json\/wp\/v2\/posts\/232"}],"collection":[{"href":"http:\/\/www.ecrins-photo.fr\/blog\/wp-json\/wp\/v2\/posts"}],"about":[{"href":"http:\/\/www.ecrins-photo.fr\/blog\/wp-json\/wp\/v2\/types\/post"}],"author":[{"embeddable":true,"href":"http:\/\/www.ecrins-photo.fr\/blog\/wp-json\/wp\/v2\/users\/1"}],"replies":[{"embeddable":true,"href":"http:\/\/www.ecrins-photo.fr\/blog\/wp-json\/wp\/v2\/comments?post=232"}],"version-history":[{"count":27,"href":"http:\/\/www.ecrins-photo.fr\/blog\/wp-json\/wp\/v2\/posts\/232\/revisions"}],"predecessor-version":[{"id":415,"href":"http:\/\/www.ecrins-photo.fr\/blog\/wp-json\/wp\/v2\/posts\/232\/revisions\/415"}],"wp:attachment":[{"href":"http:\/\/www.ecrins-photo.fr\/blog\/wp-json\/wp\/v2\/media?parent=232"}],"wp:term":[{"taxonomy":"category","embeddable":true,"href":"http:\/\/www.ecrins-photo.fr\/blog\/wp-json\/wp\/v2\/categories?post=232"},{"taxonomy":"post_tag","embeddable":true,"href":"http:\/\/www.ecrins-photo.fr\/blog\/wp-json\/wp\/v2\/tags?post=232"}],"curies":[{"name":"wp","href":"https:\/\/api.w.org\/{rel}","templated":true}]}}