{"id":212,"date":"2016-06-20T18:13:16","date_gmt":"2016-06-20T17:13:16","guid":{"rendered":"http:\/\/www.ecrins-photo.fr\/blog\/?p=212"},"modified":"2020-02-09T12:29:49","modified_gmt":"2020-02-09T11:29:49","slug":"quietude-oceane","status":"publish","type":"post","link":"http:\/\/www.ecrins-photo.fr\/blog\/quietude-oceane\/","title":{"rendered":"Qui\u00e9tude oc\u00e9ane"},"content":{"rendered":"<p><iframe loading=\"lazy\" src=\"https:\/\/player.vimeo.com\/video\/171433110\" width=\"640\" height=\"360\" frameborder=\"0\" allowfullscreen=\"allowfullscreen\"><\/iframe><\/p>\n<p><a href=\"https:\/\/vimeo.com\/171433110\">Qui\u00e9tude sur l&rsquo;Ile Vierge<\/a> from <a href=\"https:\/\/vimeo.com\/user53519536\">L&rsquo;Ecrins-Photo<\/a> on <a href=\"https:\/\/vimeo.com\">Vimeo<\/a>.<\/p>\n<p>Lumi\u00e8re bleu quand le soleil \u00e0 c\u00e9d\u00e9 au cieux,<\/p>\n<p>Fraicheur oc\u00e9ane d&rsquo;un soir sans vent.<\/p>\n<p>Qui\u00e9tude que seul le clapotis de l&rsquo;eau rompt.<\/p>\n<p><div id='gallery-1' class='gallery galleryid-212 gallery-columns-3 gallery-size-thumbnail'><dl class='gallery-item'>\n\t\t\t<dt class='gallery-icon landscape'>\n\t\t\t\t<a href='http:\/\/www.ecrins-photo.fr\/blog\/wp-content\/uploads\/2016\/06\/Z5A0973.jpg' rel=\"lightbox[212]\"><img width=\"200\" height=\"200\" src=\"http:\/\/www.ecrins-photo.fr\/blog\/wp-content\/uploads\/2016\/06\/Z5A0973-200x200.jpg\" class=\"attachment-thumbnail size-thumbnail\" alt=\"\" loading=\"lazy\" aria-describedby=\"gallery-1-222\" \/><\/a>\n\t\t\t<\/dt>\n\t\t\t\t<dd class='wp-caption-text gallery-caption' id='gallery-1-222'>\n\t\t\t\tCr\u00e9spucule sur l&rsquo;Ile Vierge\n\t\t\t\t<\/dd><\/dl><dl class='gallery-item'>\n\t\t\t<dt class='gallery-icon landscape'>\n\t\t\t\t<a href='http:\/\/www.ecrins-photo.fr\/blog\/wp-content\/uploads\/2016\/06\/Z5A1036.jpg' rel=\"lightbox[212]\"><img width=\"200\" height=\"200\" src=\"http:\/\/www.ecrins-photo.fr\/blog\/wp-content\/uploads\/2016\/06\/Z5A1036-200x200.jpg\" class=\"attachment-thumbnail size-thumbnail\" alt=\"\" loading=\"lazy\" aria-describedby=\"gallery-1-213\" \/><\/a>\n\t\t\t<\/dt>\n\t\t\t\t<dd class='wp-caption-text gallery-caption' id='gallery-1-213'>\n\t\t\t\tD\u00e9but de Nuit sur l&rsquo;Ile Vierge\n\t\t\t\t<\/dd><\/dl><dl class='gallery-item'>\n\t\t\t<dt class='gallery-icon landscape'>\n\t\t\t\t<a href='http:\/\/www.ecrins-photo.fr\/blog\/wp-content\/uploads\/2016\/06\/Z5A1178.jpg' rel=\"lightbox[212]\"><img width=\"200\" height=\"200\" src=\"http:\/\/www.ecrins-photo.fr\/blog\/wp-content\/uploads\/2016\/06\/Z5A1178-200x200.jpg\" class=\"attachment-thumbnail size-thumbnail\" alt=\"\" loading=\"lazy\" \/><\/a>\n\t\t\t<\/dt><\/dl><br style=\"clear: both\" \/>\n\t\t<\/div>\n<br \/>\n<iframe loading=\"lazy\" src=\"https:\/\/player.vimeo.com\/video\/171446815\" width=\"640\" height=\"360\" frameborder=\"0\" allowfullscreen=\"allowfullscreen\"><\/iframe><\/p>\n<p><a href=\"https:\/\/vimeo.com\/171446815\">Ile Vierge Noctune.<\/a> from <a href=\"https:\/\/vimeo.com\/user53519536\">L&rsquo;Ecrins-Photo<\/a> on <a href=\"https:\/\/vimeo.com\">Vimeo<\/a>.<\/p>\n","protected":false},"excerpt":{"rendered":"<p>Qui\u00e9tude sur l&rsquo;Ile Vierge from L&rsquo;Ecrins-Photo on Vimeo. Lumi\u00e8re bleu quand le soleil \u00e0 c\u00e9d\u00e9 au cieux, Fraicheur oc\u00e9ane d&rsquo;un soir sans vent. Qui\u00e9tude que seul le clapotis de l&rsquo;eau rompt. Ile Vierge Noctune. from L&rsquo;Ecrins-Photo on Vimeo.<\/p>\n","protected":false},"author":1,"featured_media":0,"comment_status":"open","ping_status":"open","sticky":false,"template":"","format":"standard","meta":{"_exactmetrics_skip_tracking":false,"_exactmetrics_sitenote_active":false,"_exactmetrics_sitenote_note":"","_exactmetrics_sitenote_category":0},"categories":[130],"tags":[14,24,15,52,16],"yoast_head":"<!-- This site is optimized with the Yoast SEO plugin v17.9 - https:\/\/yoast.com\/wordpress\/plugins\/seo\/ -->\n<meta name=\"robots\" content=\"index, follow, max-snippet:-1, max-image-preview:large, max-video-preview:-1\" \/>\n<link rel=\"canonical\" href=\"https:\/\/www.ecrins-photo.fr\/blog\/quietude-oceane\/\" \/>\n<meta property=\"og:locale\" content=\"fr_FR\" \/>\n<meta property=\"og:type\" content=\"article\" \/>\n<meta property=\"og:title\" content=\"Qui\u00e9tude oc\u00e9ane - L&#039;Ecrins Photo, le blog\" \/>\n<meta property=\"og:description\" content=\"Qui\u00e9tude sur l&rsquo;Ile Vierge from L&rsquo;Ecrins-Photo on Vimeo. Lumi\u00e8re bleu quand le soleil \u00e0 c\u00e9d\u00e9 au cieux, Fraicheur oc\u00e9ane d&rsquo;un soir sans vent. Qui\u00e9tude que seul le clapotis de l&rsquo;eau rompt. Ile Vierge Noctune. from L&rsquo;Ecrins-Photo on Vimeo.\" \/>\n<meta property=\"og:url\" content=\"https:\/\/www.ecrins-photo.fr\/blog\/quietude-oceane\/\" \/>\n<meta property=\"og:site_name\" content=\"L&#039;Ecrins Photo, le blog\" \/>\n<meta property=\"article:publisher\" content=\"https:\/\/www.facebook.com\/LEcrins-Photo-photographie-362218033868644\/\" \/>\n<meta property=\"article:published_time\" content=\"2016-06-20T17:13:16+00:00\" \/>\n<meta property=\"article:modified_time\" content=\"2020-02-09T11:29:49+00:00\" \/>\n<meta property=\"og:image\" content=\"https:\/\/www.ecrins-photo.fr\/blog\/wp-content\/uploads\/2016\/06\/Z5A0973-200x200.jpg\" \/>\n<meta name=\"twitter:card\" content=\"summary\" \/>\n<meta name=\"twitter:label1\" content=\"\u00c9crit par\" \/>\n\t<meta name=\"twitter:data1\" content=\"Julien\" \/>\n<script type=\"application\/ld+json\" class=\"yoast-schema-graph\">{\n\t    \"@context\": \"https:\/\/schema.org\",\n\t    \"@graph\": [\n\t        {\n\t            \"@type\": \"WebSite\",\n\t            \"@id\": \"http:\/\/www.ecrins-photo.fr\/blog\/#website\",\n\t            \"url\": \"http:\/\/www.ecrins-photo.fr\/blog\/\",\n\t            \"name\": \"L&#039;Ecrins Photo, le blog\",\n\t            \"description\": \"Le blog de L&#039;Ecrins-Photo\",\n\t            \"potentialAction\": [\n\t                {\n\t                    \"@type\": \"SearchAction\",\n\t                    \"target\": {\n\t                        \"@type\": \"EntryPoint\",\n\t                        \"urlTemplate\": \"http:\/\/www.ecrins-photo.fr\/blog\/?s={search_term_string}\"\n\t                    },\n\t                    \"query-input\": \"required name=search_term_string\"\n\t                }\n\t            ],\n\t            \"inLanguage\": \"fr-FR\"\n\t        },\n\t        {\n\t            \"@type\": \"WebPage\",\n\t            \"@id\": \"https:\/\/www.ecrins-photo.fr\/blog\/quietude-oceane\/#webpage\",\n\t            \"url\": \"https:\/\/www.ecrins-photo.fr\/blog\/quietude-oceane\/\",\n\t            \"name\": \"Qui\\u00e9tude oc\\u00e9ane - L&#039;Ecrins Photo, le blog\",\n\t            \"isPartOf\": {\n\t                \"@id\": \"http:\/\/www.ecrins-photo.fr\/blog\/#website\"\n\t            },\n\t            \"datePublished\": \"2016-06-20T17:13:16+00:00\",\n\t            \"dateModified\": \"2020-02-09T11:29:49+00:00\",\n\t            \"author\": {\n\t                \"@id\": \"http:\/\/www.ecrins-photo.fr\/blog\/#\/schema\/person\/2bbc81449f5b460c3aef06fdb4ee5dff\"\n\t            },\n\t            \"breadcrumb\": {\n\t                \"@id\": \"https:\/\/www.ecrins-photo.fr\/blog\/quietude-oceane\/#breadcrumb\"\n\t            },\n\t            \"inLanguage\": \"fr-FR\",\n\t            \"potentialAction\": [\n\t                {\n\t                    \"@type\": \"ReadAction\",\n\t                    \"target\": [\n\t                        \"https:\/\/www.ecrins-photo.fr\/blog\/quietude-oceane\/\"\n\t                    ]\n\t                }\n\t            ]\n\t        },\n\t        {\n\t            \"@type\": \"BreadcrumbList\",\n\t            \"@id\": \"https:\/\/www.ecrins-photo.fr\/blog\/quietude-oceane\/#breadcrumb\",\n\t            \"itemListElement\": [\n\t                {\n\t                    \"@type\": \"ListItem\",\n\t                    \"position\": 1,\n\t                    \"name\": \"Accueil\",\n\t                    \"item\": \"http:\/\/www.ecrins-photo.fr\/blog\/\"\n\t                },\n\t                {\n\t                    \"@type\": \"ListItem\",\n\t                    \"position\": 2,\n\t                    \"name\": \"Qui\\u00e9tude oc\\u00e9ane\"\n\t                }\n\t            ]\n\t        },\n\t        {\n\t            \"@type\": \"Person\",\n\t            \"@id\": \"http:\/\/www.ecrins-photo.fr\/blog\/#\/schema\/person\/2bbc81449f5b460c3aef06fdb4ee5dff\",\n\t            \"name\": \"Julien\",\n\t            \"image\": {\n\t                \"@type\": \"ImageObject\",\n\t                \"@id\": \"http:\/\/www.ecrins-photo.fr\/blog\/#personlogo\",\n\t                \"inLanguage\": \"fr-FR\",\n\t                \"url\": \"http:\/\/2.gravatar.com\/avatar\/bf0a415254a3097ff0def61e186455b3?s=96&d=mm&r=g\",\n\t                \"contentUrl\": \"http:\/\/2.gravatar.com\/avatar\/bf0a415254a3097ff0def61e186455b3?s=96&d=mm&r=g\",\n\t                \"caption\": \"Julien\"\n\t            },\n\t            \"sameAs\": [\n\t                \"http:\/\/www.ecrins-photo.fr\/\"\n\t            ]\n\t        }\n\t    ]\n\t}<\/script>\n<!-- \/ Yoast SEO plugin. -->","yoast_head_json":{"robots":{"index":"index","follow":"follow","max-snippet":"max-snippet:-1","max-image-preview":"max-image-preview:large","max-video-preview":"max-video-preview:-1"},"canonical":"https:\/\/www.ecrins-photo.fr\/blog\/quietude-oceane\/","og_locale":"fr_FR","og_type":"article","og_title":"Qui\u00e9tude oc\u00e9ane - L&#039;Ecrins Photo, le blog","og_description":"Qui\u00e9tude sur l&rsquo;Ile Vierge from L&rsquo;Ecrins-Photo on Vimeo. Lumi\u00e8re bleu quand le soleil \u00e0 c\u00e9d\u00e9 au cieux, Fraicheur oc\u00e9ane d&rsquo;un soir sans vent. Qui\u00e9tude que seul le clapotis de l&rsquo;eau rompt. Ile Vierge Noctune. from L&rsquo;Ecrins-Photo on Vimeo.","og_url":"https:\/\/www.ecrins-photo.fr\/blog\/quietude-oceane\/","og_site_name":"L&#039;Ecrins Photo, le blog","article_publisher":"https:\/\/www.facebook.com\/LEcrins-Photo-photographie-362218033868644\/","article_published_time":"2016-06-20T17:13:16+00:00","article_modified_time":"2020-02-09T11:29:49+00:00","og_image":[{"url":"https:\/\/www.ecrins-photo.fr\/blog\/wp-content\/uploads\/2016\/06\/Z5A0973-200x200.jpg"}],"twitter_card":"summary","twitter_misc":{"\u00c9crit par":"Julien"},"schema":{"@context":"https:\/\/schema.org","@graph":[{"@type":"WebSite","@id":"http:\/\/www.ecrins-photo.fr\/blog\/#website","url":"http:\/\/www.ecrins-photo.fr\/blog\/","name":"L&#039;Ecrins Photo, le blog","description":"Le blog de L&#039;Ecrins-Photo","potentialAction":[{"@type":"SearchAction","target":{"@type":"EntryPoint","urlTemplate":"http:\/\/www.ecrins-photo.fr\/blog\/?s={search_term_string}"},"query-input":"required name=search_term_string"}],"inLanguage":"fr-FR"},{"@type":"WebPage","@id":"https:\/\/www.ecrins-photo.fr\/blog\/quietude-oceane\/#webpage","url":"https:\/\/www.ecrins-photo.fr\/blog\/quietude-oceane\/","name":"Qui\u00e9tude oc\u00e9ane - L&#039;Ecrins Photo, le blog","isPartOf":{"@id":"http:\/\/www.ecrins-photo.fr\/blog\/#website"},"datePublished":"2016-06-20T17:13:16+00:00","dateModified":"2020-02-09T11:29:49+00:00","author":{"@id":"http:\/\/www.ecrins-photo.fr\/blog\/#\/schema\/person\/2bbc81449f5b460c3aef06fdb4ee5dff"},"breadcrumb":{"@id":"https:\/\/www.ecrins-photo.fr\/blog\/quietude-oceane\/#breadcrumb"},"inLanguage":"fr-FR","potentialAction":[{"@type":"ReadAction","target":["https:\/\/www.ecrins-photo.fr\/blog\/quietude-oceane\/"]}]},{"@type":"BreadcrumbList","@id":"https:\/\/www.ecrins-photo.fr\/blog\/quietude-oceane\/#breadcrumb","itemListElement":[{"@type":"ListItem","position":1,"name":"Accueil","item":"http:\/\/www.ecrins-photo.fr\/blog\/"},{"@type":"ListItem","position":2,"name":"Qui\u00e9tude oc\u00e9ane"}]},{"@type":"Person","@id":"http:\/\/www.ecrins-photo.fr\/blog\/#\/schema\/person\/2bbc81449f5b460c3aef06fdb4ee5dff","name":"Julien","image":{"@type":"ImageObject","@id":"http:\/\/www.ecrins-photo.fr\/blog\/#personlogo","inLanguage":"fr-FR","url":"http:\/\/2.gravatar.com\/avatar\/bf0a415254a3097ff0def61e186455b3?s=96&d=mm&r=g","contentUrl":"http:\/\/2.gravatar.com\/avatar\/bf0a415254a3097ff0def61e186455b3?s=96&d=mm&r=g","caption":"Julien"},"sameAs":["http:\/\/www.ecrins-photo.fr\/"]}]}},"_links":{"self":[{"href":"http:\/\/www.ecrins-photo.fr\/blog\/wp-json\/wp\/v2\/posts\/212"}],"collection":[{"href":"http:\/\/www.ecrins-photo.fr\/blog\/wp-json\/wp\/v2\/posts"}],"about":[{"href":"http:\/\/www.ecrins-photo.fr\/blog\/wp-json\/wp\/v2\/types\/post"}],"author":[{"embeddable":true,"href":"http:\/\/www.ecrins-photo.fr\/blog\/wp-json\/wp\/v2\/users\/1"}],"replies":[{"embeddable":true,"href":"http:\/\/www.ecrins-photo.fr\/blog\/wp-json\/wp\/v2\/comments?post=212"}],"version-history":[{"count":15,"href":"http:\/\/www.ecrins-photo.fr\/blog\/wp-json\/wp\/v2\/posts\/212\/revisions"}],"predecessor-version":[{"id":379,"href":"http:\/\/www.ecrins-photo.fr\/blog\/wp-json\/wp\/v2\/posts\/212\/revisions\/379"}],"wp:attachment":[{"href":"http:\/\/www.ecrins-photo.fr\/blog\/wp-json\/wp\/v2\/media?parent=212"}],"wp:term":[{"taxonomy":"category","embeddable":true,"href":"http:\/\/www.ecrins-photo.fr\/blog\/wp-json\/wp\/v2\/categories?post=212"},{"taxonomy":"post_tag","embeddable":true,"href":"http:\/\/www.ecrins-photo.fr\/blog\/wp-json\/wp\/v2\/tags?post=212"}],"curies":[{"name":"wp","href":"https:\/\/api.w.org\/{rel}","templated":true}]}}