{"id":203,"date":"2016-03-19T20:13:39","date_gmt":"2016-03-19T19:13:39","guid":{"rendered":"http:\/\/www.ecrins-photo.fr\/blog\/?p=203"},"modified":"2016-08-11T20:15:05","modified_gmt":"2016-08-11T19:15:05","slug":"lecrins-photo-nouvelle-version","status":"publish","type":"post","link":"http:\/\/www.ecrins-photo.fr\/blog\/lecrins-photo-nouvelle-version\/","title":{"rendered":"L&rsquo;Ecrins-Photo, nouvelle version !"},"content":{"rendered":"<p style=\"text-align: left;\">\u00c7a y est !<span class=\"ver\" title=\"Ce signe de ponctuation doit \u00eatre pr\u00e9c\u00e9d\u00e9 d'une espace en fran\u00e7ais europ\u00e9en (mais pas en fran\u00e7ais canadien).\">!<\/span><span class=\"ver\" title=\"Ce signe de ponctuation doit \u00eatre pr\u00e9c\u00e9d\u00e9 d'une espace en fran\u00e7ais europ\u00e9en (mais pas en fran\u00e7ais canadien).\">!<\/span><\/p>\n<p style=\"text-align: left;\">Apr\u00e8s <span class=\"verupdated\" title=\"\">six ans<\/span> de bon et loyaux service, l&rsquo;ancienne version de <span class=\"ver\" title=\"\">l&rsquo;Ecrins<\/span> photo est remplac\u00e9 par la version 2 qui \u00e9tait <span class=\"modupdated\" title=\"\">un peu<\/span> devenu mon <span class=\"spellmod\" title=\"\">arl\u00e9sienne,<\/span> tant le d\u00e9veloppement c&rsquo;est \u00e9ternis\u00e9&#8230;<\/p>\n<div id=\"attachment_204\" style=\"width: 629px\" class=\"wp-caption aligncenter\"><a href=\"\/blog\/wp-content\/uploads\/2016\/03\/anc-site.jpg\" rel=\"lightbox[203]\"><img aria-describedby=\"caption-attachment-204\" loading=\"lazy\" class=\"wp-image-204 size-medium\" src=\"\/blog\/wp-content\/uploads\/2016\/03\/anc-site-619x500.jpg\" alt=\"anc site\" width=\"619\" height=\"500\" srcset=\"http:\/\/www.ecrins-photo.fr\/blog\/wp-content\/uploads\/2016\/03\/anc-site-619x500.jpg 619w, http:\/\/www.ecrins-photo.fr\/blog\/wp-content\/uploads\/2016\/03\/anc-site.jpg 913w\" sizes=\"(max-width: 619px) 100vw, 619px\" \/><\/a><p id=\"caption-attachment-204\" class=\"wp-caption-text\">Pour m\u00e9moire&#8230; la version 1 datant de 2010.<\/p><\/div>\n<p style=\"text-align: left;\">Le fond sombre c\u00e8de la place \u00e0 un fond clair, la galerie th\u00e9matique <span class=\"ver\" title=\"\">\u00e0 \u00e9t\u00e9<\/span> refondu tout en int\u00e9grant de nombreuses nouvelles images.<\/p>\n<p style=\"text-align: left;\">Un blog fait son apparition et remplace le livre d&rsquo;or, pour une plus grande facilit\u00e9 d&rsquo;\u00e9change.<\/p>\n<p style=\"text-align: left;\">Les commentaires sont ouverts \u00e0 toutes remarques, alors&#8230; \u00e0 vos claviers.<\/p>\n<p style=\"text-align: left;\">En esp\u00e9rant qu&rsquo;<span class=\"modupdated\" title=\"\">il vous plaise<\/span>.<\/p>\n","protected":false},"excerpt":{"rendered":"<p>\u00c7a y est !!! Apr\u00e8s six ans de bon et loyaux service, l&rsquo;ancienne version de l&rsquo;Ecrins photo est remplac\u00e9 par la version 2 qui \u00e9tait un peu devenu mon arl\u00e9sienne, tant le d\u00e9veloppement c&rsquo;est \u00e9ternis\u00e9&#8230; Le fond sombre c\u00e8de la place \u00e0 un fond clair, la galerie th\u00e9matique \u00e0 \u00e9t\u00e9 refondu tout en int\u00e9grant de [&hellip;]<\/p>\n","protected":false},"author":1,"featured_media":0,"comment_status":"open","ping_status":"open","sticky":false,"template":"","format":"standard","meta":{"_exactmetrics_skip_tracking":false,"_exactmetrics_sitenote_active":false,"_exactmetrics_sitenote_note":"","_exactmetrics_sitenote_category":0},"categories":[38],"tags":[],"yoast_head":"<!-- This site is optimized with the Yoast SEO plugin v17.9 - https:\/\/yoast.com\/wordpress\/plugins\/seo\/ -->\n<meta name=\"robots\" content=\"index, follow, max-snippet:-1, max-image-preview:large, max-video-preview:-1\" \/>\n<link rel=\"canonical\" href=\"https:\/\/www.ecrins-photo.fr\/blog\/lecrins-photo-nouvelle-version\/\" \/>\n<meta property=\"og:locale\" content=\"fr_FR\" \/>\n<meta property=\"og:type\" content=\"article\" \/>\n<meta property=\"og:title\" content=\"L&#039;Ecrins-Photo, nouvelle version ! - L&#039;Ecrins Photo, le blog\" \/>\n<meta property=\"og:description\" content=\"\u00c7a y est !!! Apr\u00e8s six ans de bon et loyaux service, l&rsquo;ancienne version de l&rsquo;Ecrins photo est remplac\u00e9 par la version 2 qui \u00e9tait un peu devenu mon arl\u00e9sienne, tant le d\u00e9veloppement c&rsquo;est \u00e9ternis\u00e9&#8230; Le fond sombre c\u00e8de la place \u00e0 un fond clair, la galerie th\u00e9matique \u00e0 \u00e9t\u00e9 refondu tout en int\u00e9grant de [&hellip;]\" \/>\n<meta property=\"og:url\" content=\"https:\/\/www.ecrins-photo.fr\/blog\/lecrins-photo-nouvelle-version\/\" \/>\n<meta property=\"og:site_name\" content=\"L&#039;Ecrins Photo, le blog\" \/>\n<meta property=\"article:publisher\" content=\"https:\/\/www.facebook.com\/LEcrins-Photo-photographie-362218033868644\/\" \/>\n<meta property=\"article:published_time\" content=\"2016-03-19T19:13:39+00:00\" \/>\n<meta property=\"article:modified_time\" content=\"2016-08-11T19:15:05+00:00\" \/>\n<meta property=\"og:image\" content=\"http:\/\/www.ecrins-photo.fr\/blog\/wp-content\/uploads\/2016\/03\/anc-site-619x500.jpg\" \/>\n<meta name=\"twitter:card\" content=\"summary\" \/>\n<meta name=\"twitter:label1\" content=\"\u00c9crit par\" \/>\n\t<meta name=\"twitter:data1\" content=\"Julien\" \/>\n\t<meta name=\"twitter:label2\" content=\"Dur\u00e9e de lecture estim\u00e9e\" \/>\n\t<meta name=\"twitter:data2\" content=\"1 minute\" \/>\n<script type=\"application\/ld+json\" class=\"yoast-schema-graph\">{\n\t    \"@context\": \"https:\/\/schema.org\",\n\t    \"@graph\": [\n\t        {\n\t            \"@type\": \"WebSite\",\n\t            \"@id\": \"http:\/\/www.ecrins-photo.fr\/blog\/#website\",\n\t            \"url\": \"http:\/\/www.ecrins-photo.fr\/blog\/\",\n\t            \"name\": \"L&#039;Ecrins Photo, le blog\",\n\t            \"description\": \"Le blog de L&#039;Ecrins-Photo\",\n\t            \"potentialAction\": [\n\t                {\n\t                    \"@type\": \"SearchAction\",\n\t                    \"target\": {\n\t                        \"@type\": \"EntryPoint\",\n\t                        \"urlTemplate\": \"http:\/\/www.ecrins-photo.fr\/blog\/?s={search_term_string}\"\n\t                    },\n\t                    \"query-input\": \"required name=search_term_string\"\n\t                }\n\t            ],\n\t            \"inLanguage\": \"fr-FR\"\n\t        },\n\t        {\n\t            \"@type\": \"ImageObject\",\n\t            \"@id\": \"https:\/\/www.ecrins-photo.fr\/blog\/lecrins-photo-nouvelle-version\/#primaryimage\",\n\t            \"inLanguage\": \"fr-FR\",\n\t            \"url\": \"\/blog\/wp-content\/uploads\/2016\/03\/anc-site-619x500.jpg\",\n\t            \"contentUrl\": \"\/blog\/wp-content\/uploads\/2016\/03\/anc-site-619x500.jpg\"\n\t        },\n\t        {\n\t            \"@type\": \"WebPage\",\n\t            \"@id\": \"https:\/\/www.ecrins-photo.fr\/blog\/lecrins-photo-nouvelle-version\/#webpage\",\n\t            \"url\": \"https:\/\/www.ecrins-photo.fr\/blog\/lecrins-photo-nouvelle-version\/\",\n\t            \"name\": \"L'Ecrins-Photo, nouvelle version ! - L&#039;Ecrins Photo, le blog\",\n\t            \"isPartOf\": {\n\t                \"@id\": \"http:\/\/www.ecrins-photo.fr\/blog\/#website\"\n\t            },\n\t            \"primaryImageOfPage\": {\n\t                \"@id\": \"https:\/\/www.ecrins-photo.fr\/blog\/lecrins-photo-nouvelle-version\/#primaryimage\"\n\t            },\n\t            \"datePublished\": \"2016-03-19T19:13:39+00:00\",\n\t            \"dateModified\": \"2016-08-11T19:15:05+00:00\",\n\t            \"author\": {\n\t                \"@id\": \"http:\/\/www.ecrins-photo.fr\/blog\/#\/schema\/person\/2bbc81449f5b460c3aef06fdb4ee5dff\"\n\t            },\n\t            \"breadcrumb\": {\n\t                \"@id\": \"https:\/\/www.ecrins-photo.fr\/blog\/lecrins-photo-nouvelle-version\/#breadcrumb\"\n\t            },\n\t            \"inLanguage\": \"fr-FR\",\n\t            \"potentialAction\": [\n\t                {\n\t                    \"@type\": \"ReadAction\",\n\t                    \"target\": [\n\t                        \"https:\/\/www.ecrins-photo.fr\/blog\/lecrins-photo-nouvelle-version\/\"\n\t                    ]\n\t                }\n\t            ]\n\t        },\n\t        {\n\t            \"@type\": \"BreadcrumbList\",\n\t            \"@id\": \"https:\/\/www.ecrins-photo.fr\/blog\/lecrins-photo-nouvelle-version\/#breadcrumb\",\n\t            \"itemListElement\": [\n\t                {\n\t                    \"@type\": \"ListItem\",\n\t                    \"position\": 1,\n\t                    \"name\": \"Accueil\",\n\t                    \"item\": \"http:\/\/www.ecrins-photo.fr\/blog\/\"\n\t                },\n\t                {\n\t                    \"@type\": \"ListItem\",\n\t                    \"position\": 2,\n\t                    \"name\": \"L&rsquo;Ecrins-Photo, nouvelle version !\"\n\t                }\n\t            ]\n\t        },\n\t        {\n\t            \"@type\": \"Person\",\n\t            \"@id\": \"http:\/\/www.ecrins-photo.fr\/blog\/#\/schema\/person\/2bbc81449f5b460c3aef06fdb4ee5dff\",\n\t            \"name\": \"Julien\",\n\t            \"image\": {\n\t                \"@type\": \"ImageObject\",\n\t                \"@id\": \"http:\/\/www.ecrins-photo.fr\/blog\/#personlogo\",\n\t                \"inLanguage\": \"fr-FR\",\n\t                \"url\": \"http:\/\/2.gravatar.com\/avatar\/bf0a415254a3097ff0def61e186455b3?s=96&d=mm&r=g\",\n\t                \"contentUrl\": \"http:\/\/2.gravatar.com\/avatar\/bf0a415254a3097ff0def61e186455b3?s=96&d=mm&r=g\",\n\t                \"caption\": \"Julien\"\n\t            },\n\t            \"sameAs\": [\n\t                \"http:\/\/www.ecrins-photo.fr\/\"\n\t            ]\n\t        }\n\t    ]\n\t}<\/script>\n<!-- \/ Yoast SEO plugin. -->","yoast_head_json":{"robots":{"index":"index","follow":"follow","max-snippet":"max-snippet:-1","max-image-preview":"max-image-preview:large","max-video-preview":"max-video-preview:-1"},"canonical":"https:\/\/www.ecrins-photo.fr\/blog\/lecrins-photo-nouvelle-version\/","og_locale":"fr_FR","og_type":"article","og_title":"L'Ecrins-Photo, nouvelle version ! - L&#039;Ecrins Photo, le blog","og_description":"\u00c7a y est !!! Apr\u00e8s six ans de bon et loyaux service, l&rsquo;ancienne version de l&rsquo;Ecrins photo est remplac\u00e9 par la version 2 qui \u00e9tait un peu devenu mon arl\u00e9sienne, tant le d\u00e9veloppement c&rsquo;est \u00e9ternis\u00e9&#8230; Le fond sombre c\u00e8de la place \u00e0 un fond clair, la galerie th\u00e9matique \u00e0 \u00e9t\u00e9 refondu tout en int\u00e9grant de [&hellip;]","og_url":"https:\/\/www.ecrins-photo.fr\/blog\/lecrins-photo-nouvelle-version\/","og_site_name":"L&#039;Ecrins Photo, le blog","article_publisher":"https:\/\/www.facebook.com\/LEcrins-Photo-photographie-362218033868644\/","article_published_time":"2016-03-19T19:13:39+00:00","article_modified_time":"2016-08-11T19:15:05+00:00","og_image":[{"url":"http:\/\/www.ecrins-photo.fr\/blog\/wp-content\/uploads\/2016\/03\/anc-site-619x500.jpg"}],"twitter_card":"summary","twitter_misc":{"\u00c9crit par":"Julien","Dur\u00e9e de lecture estim\u00e9e":"1 minute"},"schema":{"@context":"https:\/\/schema.org","@graph":[{"@type":"WebSite","@id":"http:\/\/www.ecrins-photo.fr\/blog\/#website","url":"http:\/\/www.ecrins-photo.fr\/blog\/","name":"L&#039;Ecrins Photo, le blog","description":"Le blog de L&#039;Ecrins-Photo","potentialAction":[{"@type":"SearchAction","target":{"@type":"EntryPoint","urlTemplate":"http:\/\/www.ecrins-photo.fr\/blog\/?s={search_term_string}"},"query-input":"required name=search_term_string"}],"inLanguage":"fr-FR"},{"@type":"ImageObject","@id":"https:\/\/www.ecrins-photo.fr\/blog\/lecrins-photo-nouvelle-version\/#primaryimage","inLanguage":"fr-FR","url":"\/blog\/wp-content\/uploads\/2016\/03\/anc-site-619x500.jpg","contentUrl":"\/blog\/wp-content\/uploads\/2016\/03\/anc-site-619x500.jpg"},{"@type":"WebPage","@id":"https:\/\/www.ecrins-photo.fr\/blog\/lecrins-photo-nouvelle-version\/#webpage","url":"https:\/\/www.ecrins-photo.fr\/blog\/lecrins-photo-nouvelle-version\/","name":"L'Ecrins-Photo, nouvelle version ! - L&#039;Ecrins Photo, le blog","isPartOf":{"@id":"http:\/\/www.ecrins-photo.fr\/blog\/#website"},"primaryImageOfPage":{"@id":"https:\/\/www.ecrins-photo.fr\/blog\/lecrins-photo-nouvelle-version\/#primaryimage"},"datePublished":"2016-03-19T19:13:39+00:00","dateModified":"2016-08-11T19:15:05+00:00","author":{"@id":"http:\/\/www.ecrins-photo.fr\/blog\/#\/schema\/person\/2bbc81449f5b460c3aef06fdb4ee5dff"},"breadcrumb":{"@id":"https:\/\/www.ecrins-photo.fr\/blog\/lecrins-photo-nouvelle-version\/#breadcrumb"},"inLanguage":"fr-FR","potentialAction":[{"@type":"ReadAction","target":["https:\/\/www.ecrins-photo.fr\/blog\/lecrins-photo-nouvelle-version\/"]}]},{"@type":"BreadcrumbList","@id":"https:\/\/www.ecrins-photo.fr\/blog\/lecrins-photo-nouvelle-version\/#breadcrumb","itemListElement":[{"@type":"ListItem","position":1,"name":"Accueil","item":"http:\/\/www.ecrins-photo.fr\/blog\/"},{"@type":"ListItem","position":2,"name":"L&rsquo;Ecrins-Photo, nouvelle version !"}]},{"@type":"Person","@id":"http:\/\/www.ecrins-photo.fr\/blog\/#\/schema\/person\/2bbc81449f5b460c3aef06fdb4ee5dff","name":"Julien","image":{"@type":"ImageObject","@id":"http:\/\/www.ecrins-photo.fr\/blog\/#personlogo","inLanguage":"fr-FR","url":"http:\/\/2.gravatar.com\/avatar\/bf0a415254a3097ff0def61e186455b3?s=96&d=mm&r=g","contentUrl":"http:\/\/2.gravatar.com\/avatar\/bf0a415254a3097ff0def61e186455b3?s=96&d=mm&r=g","caption":"Julien"},"sameAs":["http:\/\/www.ecrins-photo.fr\/"]}]}},"_links":{"self":[{"href":"http:\/\/www.ecrins-photo.fr\/blog\/wp-json\/wp\/v2\/posts\/203"}],"collection":[{"href":"http:\/\/www.ecrins-photo.fr\/blog\/wp-json\/wp\/v2\/posts"}],"about":[{"href":"http:\/\/www.ecrins-photo.fr\/blog\/wp-json\/wp\/v2\/types\/post"}],"author":[{"embeddable":true,"href":"http:\/\/www.ecrins-photo.fr\/blog\/wp-json\/wp\/v2\/users\/1"}],"replies":[{"embeddable":true,"href":"http:\/\/www.ecrins-photo.fr\/blog\/wp-json\/wp\/v2\/comments?post=203"}],"version-history":[{"count":6,"href":"http:\/\/www.ecrins-photo.fr\/blog\/wp-json\/wp\/v2\/posts\/203\/revisions"}],"predecessor-version":[{"id":210,"href":"http:\/\/www.ecrins-photo.fr\/blog\/wp-json\/wp\/v2\/posts\/203\/revisions\/210"}],"wp:attachment":[{"href":"http:\/\/www.ecrins-photo.fr\/blog\/wp-json\/wp\/v2\/media?parent=203"}],"wp:term":[{"taxonomy":"category","embeddable":true,"href":"http:\/\/www.ecrins-photo.fr\/blog\/wp-json\/wp\/v2\/categories?post=203"},{"taxonomy":"post_tag","embeddable":true,"href":"http:\/\/www.ecrins-photo.fr\/blog\/wp-json\/wp\/v2\/tags?post=203"}],"curies":[{"name":"wp","href":"https:\/\/api.w.org\/{rel}","templated":true}]}}