{"id":196,"date":"2016-03-02T20:00:55","date_gmt":"2016-03-02T19:00:55","guid":{"rendered":"http:\/\/www.ecrins-photo.fr\/blog\/?p=196"},"modified":"2020-02-09T12:30:05","modified_gmt":"2020-02-09T11:30:05","slug":"lumiere-sur-tevennec","status":"publish","type":"post","link":"http:\/\/www.ecrins-photo.fr\/blog\/lumiere-sur-tevennec\/","title":{"rendered":"Lumi\u00e8re sur T\u00e9vennec"},"content":{"rendered":"<p style=\"text-align: left;\">Retour en arri\u00e8re, un de ces soir ou les flots de l&rsquo;Iroise coule sous un ciel de braise sous le regard impassible\u00a0 de la petite maison phare de T\u00e9vennec \u00e9levant solitaire sa petite lanterne.<\/p>\n<p><img loading=\"lazy\" class=\"aligncenter size-full wp-image-197\" src=\"\/blog\/wp-content\/uploads\/2016\/03\/tevennec-crepusculaire-ecrins-photo.jpg\" alt=\"tevennec-crepusculaire-ecrins-photo\" width=\"950\" height=\"633\" srcset=\"http:\/\/www.ecrins-photo.fr\/blog\/wp-content\/uploads\/2016\/03\/tevennec-crepusculaire-ecrins-photo.jpg 950w, http:\/\/www.ecrins-photo.fr\/blog\/wp-content\/uploads\/2016\/03\/tevennec-crepusculaire-ecrins-photo-700x466.jpg 700w\" sizes=\"(max-width: 950px) 100vw, 950px\" \/><\/p>\n<p style=\"text-align: left;\">J&rsquo;en profite pour faire un petit clin d\u2019\u0153il \u00e0 l&rsquo;op\u00e9ration Lumi\u00e8re sur T\u00e9vennec ou Marc Pointud, pr\u00e9sident de la SNPB s&rsquo;est isol\u00e9 pour 60 jours.<\/p>\n<p style=\"text-align: center;\">Voir d&rsquo;avantage de photo dans la galerie : <a style=\"color: #000000;\" href=\"http:\/\/www.ecrins-photo.fr\/cote-de-bretagne\/\"><span style=\"text-decoration: underline;\">C\u00f4te de Bretagne<\/span><\/a><\/p>\n","protected":false},"excerpt":{"rendered":"<p>Retour en arri\u00e8re, un de ces soir ou les flots de l&rsquo;Iroise coule sous un ciel de braise sous le regard impassible\u00a0 de la petite maison phare de T\u00e9vennec \u00e9levant solitaire sa petite lanterne. J&rsquo;en profite pour faire un petit clin d\u2019\u0153il \u00e0 l&rsquo;op\u00e9ration Lumi\u00e8re sur T\u00e9vennec ou Marc Pointud, pr\u00e9sident de la SNPB s&rsquo;est [&hellip;]<\/p>\n","protected":false},"author":1,"featured_media":0,"comment_status":"open","ping_status":"open","sticky":false,"template":"","format":"standard","meta":{"_exactmetrics_skip_tracking":false,"_exactmetrics_sitenote_active":false,"_exactmetrics_sitenote_note":"","_exactmetrics_sitenote_category":0},"categories":[130],"tags":[14,37,13,16,36],"yoast_head":"<!-- This site is optimized with the Yoast SEO plugin v17.9 - https:\/\/yoast.com\/wordpress\/plugins\/seo\/ -->\n<meta name=\"robots\" content=\"index, follow, max-snippet:-1, max-image-preview:large, max-video-preview:-1\" \/>\n<link rel=\"canonical\" href=\"https:\/\/www.ecrins-photo.fr\/blog\/lumiere-sur-tevennec\/\" \/>\n<meta property=\"og:locale\" content=\"fr_FR\" \/>\n<meta property=\"og:type\" content=\"article\" \/>\n<meta property=\"og:title\" content=\"Lumi\u00e8re sur T\u00e9vennec - L&#039;Ecrins Photo, le blog\" \/>\n<meta property=\"og:description\" content=\"Retour en arri\u00e8re, un de ces soir ou les flots de l&rsquo;Iroise coule sous un ciel de braise sous le regard impassible\u00a0 de la petite maison phare de T\u00e9vennec \u00e9levant solitaire sa petite lanterne. J&rsquo;en profite pour faire un petit clin d\u2019\u0153il \u00e0 l&rsquo;op\u00e9ration Lumi\u00e8re sur T\u00e9vennec ou Marc Pointud, pr\u00e9sident de la SNPB s&rsquo;est [&hellip;]\" \/>\n<meta property=\"og:url\" content=\"https:\/\/www.ecrins-photo.fr\/blog\/lumiere-sur-tevennec\/\" \/>\n<meta property=\"og:site_name\" content=\"L&#039;Ecrins Photo, le blog\" \/>\n<meta property=\"article:publisher\" content=\"https:\/\/www.facebook.com\/LEcrins-Photo-photographie-362218033868644\/\" \/>\n<meta property=\"article:published_time\" content=\"2016-03-02T19:00:55+00:00\" \/>\n<meta property=\"article:modified_time\" content=\"2020-02-09T11:30:05+00:00\" \/>\n<meta property=\"og:image\" content=\"http:\/\/www.ecrins-photo.fr\/blog\/wp-content\/uploads\/2016\/03\/tevennec-crepusculaire-ecrins-photo.jpg\" \/>\n<meta name=\"twitter:card\" content=\"summary\" \/>\n<meta name=\"twitter:label1\" content=\"\u00c9crit par\" \/>\n\t<meta name=\"twitter:data1\" content=\"Julien\" \/>\n<script type=\"application\/ld+json\" class=\"yoast-schema-graph\">{\n\t    \"@context\": \"https:\/\/schema.org\",\n\t    \"@graph\": [\n\t        {\n\t            \"@type\": \"WebSite\",\n\t            \"@id\": \"http:\/\/www.ecrins-photo.fr\/blog\/#website\",\n\t            \"url\": \"http:\/\/www.ecrins-photo.fr\/blog\/\",\n\t            \"name\": \"L&#039;Ecrins Photo, le blog\",\n\t            \"description\": \"Le blog de L&#039;Ecrins-Photo\",\n\t            \"potentialAction\": [\n\t                {\n\t                    \"@type\": \"SearchAction\",\n\t                    \"target\": {\n\t                        \"@type\": \"EntryPoint\",\n\t                        \"urlTemplate\": \"http:\/\/www.ecrins-photo.fr\/blog\/?s={search_term_string}\"\n\t                    },\n\t                    \"query-input\": \"required name=search_term_string\"\n\t                }\n\t            ],\n\t            \"inLanguage\": \"fr-FR\"\n\t        },\n\t        {\n\t            \"@type\": \"ImageObject\",\n\t            \"@id\": \"https:\/\/www.ecrins-photo.fr\/blog\/lumiere-sur-tevennec\/#primaryimage\",\n\t            \"inLanguage\": \"fr-FR\",\n\t            \"url\": \"\/blog\/wp-content\/uploads\/2016\/03\/tevennec-crepusculaire-ecrins-photo.jpg\",\n\t            \"contentUrl\": \"\/blog\/wp-content\/uploads\/2016\/03\/tevennec-crepusculaire-ecrins-photo.jpg\"\n\t        },\n\t        {\n\t            \"@type\": \"WebPage\",\n\t            \"@id\": \"https:\/\/www.ecrins-photo.fr\/blog\/lumiere-sur-tevennec\/#webpage\",\n\t            \"url\": \"https:\/\/www.ecrins-photo.fr\/blog\/lumiere-sur-tevennec\/\",\n\t            \"name\": \"Lumi\\u00e8re sur T\\u00e9vennec - L&#039;Ecrins Photo, le blog\",\n\t            \"isPartOf\": {\n\t                \"@id\": \"http:\/\/www.ecrins-photo.fr\/blog\/#website\"\n\t            },\n\t            \"primaryImageOfPage\": {\n\t                \"@id\": \"https:\/\/www.ecrins-photo.fr\/blog\/lumiere-sur-tevennec\/#primaryimage\"\n\t            },\n\t            \"datePublished\": \"2016-03-02T19:00:55+00:00\",\n\t            \"dateModified\": \"2020-02-09T11:30:05+00:00\",\n\t            \"author\": {\n\t                \"@id\": \"http:\/\/www.ecrins-photo.fr\/blog\/#\/schema\/person\/2bbc81449f5b460c3aef06fdb4ee5dff\"\n\t            },\n\t            \"breadcrumb\": {\n\t                \"@id\": \"https:\/\/www.ecrins-photo.fr\/blog\/lumiere-sur-tevennec\/#breadcrumb\"\n\t            },\n\t            \"inLanguage\": \"fr-FR\",\n\t            \"potentialAction\": [\n\t                {\n\t                    \"@type\": \"ReadAction\",\n\t                    \"target\": [\n\t                        \"https:\/\/www.ecrins-photo.fr\/blog\/lumiere-sur-tevennec\/\"\n\t                    ]\n\t                }\n\t            ]\n\t        },\n\t        {\n\t            \"@type\": \"BreadcrumbList\",\n\t            \"@id\": \"https:\/\/www.ecrins-photo.fr\/blog\/lumiere-sur-tevennec\/#breadcrumb\",\n\t            \"itemListElement\": [\n\t                {\n\t                    \"@type\": \"ListItem\",\n\t                    \"position\": 1,\n\t                    \"name\": \"Accueil\",\n\t                    \"item\": \"http:\/\/www.ecrins-photo.fr\/blog\/\"\n\t                },\n\t                {\n\t                    \"@type\": \"ListItem\",\n\t                    \"position\": 2,\n\t                    \"name\": \"Lumi\\u00e8re sur T\\u00e9vennec\"\n\t                }\n\t            ]\n\t        },\n\t        {\n\t            \"@type\": \"Person\",\n\t            \"@id\": \"http:\/\/www.ecrins-photo.fr\/blog\/#\/schema\/person\/2bbc81449f5b460c3aef06fdb4ee5dff\",\n\t            \"name\": \"Julien\",\n\t            \"image\": {\n\t                \"@type\": \"ImageObject\",\n\t                \"@id\": \"http:\/\/www.ecrins-photo.fr\/blog\/#personlogo\",\n\t                \"inLanguage\": \"fr-FR\",\n\t                \"url\": \"http:\/\/2.gravatar.com\/avatar\/bf0a415254a3097ff0def61e186455b3?s=96&d=mm&r=g\",\n\t                \"contentUrl\": \"http:\/\/2.gravatar.com\/avatar\/bf0a415254a3097ff0def61e186455b3?s=96&d=mm&r=g\",\n\t                \"caption\": \"Julien\"\n\t            },\n\t            \"sameAs\": [\n\t                \"http:\/\/www.ecrins-photo.fr\/\"\n\t            ]\n\t        }\n\t    ]\n\t}<\/script>\n<!-- \/ Yoast SEO plugin. -->","yoast_head_json":{"robots":{"index":"index","follow":"follow","max-snippet":"max-snippet:-1","max-image-preview":"max-image-preview:large","max-video-preview":"max-video-preview:-1"},"canonical":"https:\/\/www.ecrins-photo.fr\/blog\/lumiere-sur-tevennec\/","og_locale":"fr_FR","og_type":"article","og_title":"Lumi\u00e8re sur T\u00e9vennec - L&#039;Ecrins Photo, le blog","og_description":"Retour en arri\u00e8re, un de ces soir ou les flots de l&rsquo;Iroise coule sous un ciel de braise sous le regard impassible\u00a0 de la petite maison phare de T\u00e9vennec \u00e9levant solitaire sa petite lanterne. J&rsquo;en profite pour faire un petit clin d\u2019\u0153il \u00e0 l&rsquo;op\u00e9ration Lumi\u00e8re sur T\u00e9vennec ou Marc Pointud, pr\u00e9sident de la SNPB s&rsquo;est [&hellip;]","og_url":"https:\/\/www.ecrins-photo.fr\/blog\/lumiere-sur-tevennec\/","og_site_name":"L&#039;Ecrins Photo, le blog","article_publisher":"https:\/\/www.facebook.com\/LEcrins-Photo-photographie-362218033868644\/","article_published_time":"2016-03-02T19:00:55+00:00","article_modified_time":"2020-02-09T11:30:05+00:00","og_image":[{"url":"http:\/\/www.ecrins-photo.fr\/blog\/wp-content\/uploads\/2016\/03\/tevennec-crepusculaire-ecrins-photo.jpg"}],"twitter_card":"summary","twitter_misc":{"\u00c9crit par":"Julien"},"schema":{"@context":"https:\/\/schema.org","@graph":[{"@type":"WebSite","@id":"http:\/\/www.ecrins-photo.fr\/blog\/#website","url":"http:\/\/www.ecrins-photo.fr\/blog\/","name":"L&#039;Ecrins Photo, le blog","description":"Le blog de L&#039;Ecrins-Photo","potentialAction":[{"@type":"SearchAction","target":{"@type":"EntryPoint","urlTemplate":"http:\/\/www.ecrins-photo.fr\/blog\/?s={search_term_string}"},"query-input":"required name=search_term_string"}],"inLanguage":"fr-FR"},{"@type":"ImageObject","@id":"https:\/\/www.ecrins-photo.fr\/blog\/lumiere-sur-tevennec\/#primaryimage","inLanguage":"fr-FR","url":"\/blog\/wp-content\/uploads\/2016\/03\/tevennec-crepusculaire-ecrins-photo.jpg","contentUrl":"\/blog\/wp-content\/uploads\/2016\/03\/tevennec-crepusculaire-ecrins-photo.jpg"},{"@type":"WebPage","@id":"https:\/\/www.ecrins-photo.fr\/blog\/lumiere-sur-tevennec\/#webpage","url":"https:\/\/www.ecrins-photo.fr\/blog\/lumiere-sur-tevennec\/","name":"Lumi\u00e8re sur T\u00e9vennec - L&#039;Ecrins Photo, le blog","isPartOf":{"@id":"http:\/\/www.ecrins-photo.fr\/blog\/#website"},"primaryImageOfPage":{"@id":"https:\/\/www.ecrins-photo.fr\/blog\/lumiere-sur-tevennec\/#primaryimage"},"datePublished":"2016-03-02T19:00:55+00:00","dateModified":"2020-02-09T11:30:05+00:00","author":{"@id":"http:\/\/www.ecrins-photo.fr\/blog\/#\/schema\/person\/2bbc81449f5b460c3aef06fdb4ee5dff"},"breadcrumb":{"@id":"https:\/\/www.ecrins-photo.fr\/blog\/lumiere-sur-tevennec\/#breadcrumb"},"inLanguage":"fr-FR","potentialAction":[{"@type":"ReadAction","target":["https:\/\/www.ecrins-photo.fr\/blog\/lumiere-sur-tevennec\/"]}]},{"@type":"BreadcrumbList","@id":"https:\/\/www.ecrins-photo.fr\/blog\/lumiere-sur-tevennec\/#breadcrumb","itemListElement":[{"@type":"ListItem","position":1,"name":"Accueil","item":"http:\/\/www.ecrins-photo.fr\/blog\/"},{"@type":"ListItem","position":2,"name":"Lumi\u00e8re sur T\u00e9vennec"}]},{"@type":"Person","@id":"http:\/\/www.ecrins-photo.fr\/blog\/#\/schema\/person\/2bbc81449f5b460c3aef06fdb4ee5dff","name":"Julien","image":{"@type":"ImageObject","@id":"http:\/\/www.ecrins-photo.fr\/blog\/#personlogo","inLanguage":"fr-FR","url":"http:\/\/2.gravatar.com\/avatar\/bf0a415254a3097ff0def61e186455b3?s=96&d=mm&r=g","contentUrl":"http:\/\/2.gravatar.com\/avatar\/bf0a415254a3097ff0def61e186455b3?s=96&d=mm&r=g","caption":"Julien"},"sameAs":["http:\/\/www.ecrins-photo.fr\/"]}]}},"_links":{"self":[{"href":"http:\/\/www.ecrins-photo.fr\/blog\/wp-json\/wp\/v2\/posts\/196"}],"collection":[{"href":"http:\/\/www.ecrins-photo.fr\/blog\/wp-json\/wp\/v2\/posts"}],"about":[{"href":"http:\/\/www.ecrins-photo.fr\/blog\/wp-json\/wp\/v2\/types\/post"}],"author":[{"embeddable":true,"href":"http:\/\/www.ecrins-photo.fr\/blog\/wp-json\/wp\/v2\/users\/1"}],"replies":[{"embeddable":true,"href":"http:\/\/www.ecrins-photo.fr\/blog\/wp-json\/wp\/v2\/comments?post=196"}],"version-history":[{"count":5,"href":"http:\/\/www.ecrins-photo.fr\/blog\/wp-json\/wp\/v2\/posts\/196\/revisions"}],"predecessor-version":[{"id":202,"href":"http:\/\/www.ecrins-photo.fr\/blog\/wp-json\/wp\/v2\/posts\/196\/revisions\/202"}],"wp:attachment":[{"href":"http:\/\/www.ecrins-photo.fr\/blog\/wp-json\/wp\/v2\/media?parent=196"}],"wp:term":[{"taxonomy":"category","embeddable":true,"href":"http:\/\/www.ecrins-photo.fr\/blog\/wp-json\/wp\/v2\/categories?post=196"},{"taxonomy":"post_tag","embeddable":true,"href":"http:\/\/www.ecrins-photo.fr\/blog\/wp-json\/wp\/v2\/tags?post=196"}],"curies":[{"name":"wp","href":"https:\/\/api.w.org\/{rel}","templated":true}]}}